{"id":639305,"date":"2024-10-16T14:24:44","date_gmt":"2024-10-16T17:24:44","guid":{"rendered":"https:\/\/hillsong.com\/brazil\/?p=639305"},"modified":"2024-10-16T14:24:44","modified_gmt":"2024-10-16T17:24:44","slug":"dia-mundial-da-justica-social-2023-superando-barreiras-e-liberando-oportunidades","status":"publish","type":"post","link":"https:\/\/hillsong.com\/brazil\/da\/blog\/2024\/10\/dia-mundial-da-justica-social-2023-superando-barreiras-e-liberando-oportunidades\/","title":{"rendered":"Dia Mundial da Justi\u00e7a Social 2023: Superando Barreiras e Liberando Oportunidades"},"content":{"rendered":"<p class=\"qtranxs-available-languages-message qtranxs-available-languages-message-da\">Beklager, denne post er kun tilg\u00e6ngelig i <a href=\"https:\/\/hillsong.com\/brazil\/en\/wp-json\/wp\/v2\/posts\/639305\/\" class=\"qtranxs-available-language-link qtranxs-available-language-link-en\" title=\"English\">English<\/a> og <a href=\"https:\/\/hillsong.com\/brazil\/pb\/wp-json\/wp\/v2\/posts\/639305\/\" class=\"qtranxs-available-language-link qtranxs-available-language-link-pb\" title=\"Portugu\u00eas do Brasil\">Portugu\u00eas do Brasil<\/a>.<\/p><p><span data-contrast=\"auto\">No dia 20 de fevereiro, \u00e9 celebrado o <\/span><i><span data-contrast=\"auto\">Dia Mundial da Justi\u00e7a Social<\/span><\/i><span data-contrast=\"auto\">. A justi\u00e7a social \u00e9 complexa e simples ao mesmo tempo, pois em seu cerne est\u00e1 a inten\u00e7\u00e3o de promover a equidade. A justi\u00e7a social analisa a equidade entre diferentes grupos de pessoas, como diferentes etnias, ra\u00e7as, g\u00eaneros e idades. A justi\u00e7a social desafia as maneiras injustas em que a riqueza, os privil\u00e9gios e as oportunidades s\u00e3o distribu\u00eddos. A justi\u00e7a social \u00e9, em parte, sobre valorizar a diversidade \u00e9tnica, racial, de g\u00eanero e de idade.<\/span><span data-ccp-props=\"{&quot;335551550&quot;:6,&quot;335551620&quot;:6,&quot;335559738&quot;:240,&quot;335559739&quot;:240}\">\u00a0<\/span><\/p>\n<p><span data-contrast=\"auto\">O tema deste ano \u00e9 &#8220;<\/span><a href=\"https:\/\/www.un.org\/development\/desa\/dspd\/international-days\/world-day-of-social-justice\/2023-2.html\"><span data-contrast=\"none\">Superando Barreiras e Liberando Oportunidades para a Justi\u00e7a Social<\/span><\/a><span data-contrast=\"auto\">&#8220;. Este dia tem uma grande aplica\u00e7\u00e3o para n\u00f3s, como igreja Hillsong, que busca ser &#8220;uma igreja saud\u00e1vel mudando vidas por meio de Cristo&#8221;. Uma das perguntas feitas com o tema \u00e9: quais a\u00e7\u00f5es s\u00e3o necess\u00e1rias por parte dos atores envolvidos para aumentar seus investimentos em justi\u00e7a social? Sugiro as seguintes tr\u00eas a\u00e7\u00f5es para nossa comunidade global da Hillsong:<\/span><span data-ccp-props=\"{&quot;335551550&quot;:6,&quot;335551620&quot;:6,&quot;335559738&quot;:240,&quot;335559739&quot;:240}\">\u00a0<\/span><\/p>\n<ul>\n<li data-leveltext=\"\u25cf\" data-font=\"\" data-listid=\"2\" data-list-defn-props=\"{&quot;335552541&quot;:1,&quot;335559685&quot;:720,&quot;335559991&quot;:360,&quot;469769242&quot;:[8226],&quot;469777803&quot;:&quot;left&quot;,&quot;469777804&quot;:&quot;\u25cf&quot;,&quot;469777815&quot;:&quot;multilevel&quot;}\" aria-setsize=\"-1\" data-aria-posinset=\"1\" data-aria-level=\"1\"><span data-contrast=\"auto\">Um aumento em nossos agentes b\u00edblicos;<\/span><span data-ccp-props=\"{&quot;335551550&quot;:6,&quot;335551620&quot;:6,&quot;335559738&quot;:240}\">\u00a0<\/span><\/li>\n<\/ul>\n<ul>\n<li data-leveltext=\"\u25cf\" data-font=\"\" data-listid=\"2\" data-list-defn-props=\"{&quot;335552541&quot;:1,&quot;335559685&quot;:720,&quot;335559991&quot;:360,&quot;469769242&quot;:[8226],&quot;469777803&quot;:&quot;left&quot;,&quot;469777804&quot;:&quot;\u25cf&quot;,&quot;469777815&quot;:&quot;multilevel&quot;}\" aria-setsize=\"-1\" data-aria-posinset=\"2\" data-aria-level=\"1\"><span data-contrast=\"auto\">Um aumento em nossa consci\u00eancia sobre as necessidades;<\/span><span data-ccp-props=\"{&quot;335551550&quot;:6,&quot;335551620&quot;:6}\">\u00a0<\/span><\/li>\n<\/ul>\n<ul>\n<li data-leveltext=\"\u25cf\" data-font=\"\" data-listid=\"2\" data-list-defn-props=\"{&quot;335552541&quot;:1,&quot;335559685&quot;:720,&quot;335559991&quot;:360,&quot;469769242&quot;:[8226],&quot;469777803&quot;:&quot;left&quot;,&quot;469777804&quot;:&quot;\u25cf&quot;,&quot;469777815&quot;:&quot;multilevel&quot;}\" aria-setsize=\"-1\" data-aria-posinset=\"3\" data-aria-level=\"1\"><span data-contrast=\"auto\">Um aumento na pr\u00e1tica de Miqueias 6:8.<\/span><span data-ccp-props=\"{&quot;335551550&quot;:6,&quot;335551620&quot;:6,&quot;335559739&quot;:240}\">\u00a0<\/span><\/li>\n<\/ul>\n<p><span data-contrast=\"auto\">Vamos come\u00e7ar pela a\u00e7\u00e3o de aumentar nossos agentes b\u00edblicos. Aqueles de voc\u00eas que fazem parte da Hillsong h\u00e1 muitos anos sabem que agir em nome da justi\u00e7a social n\u00e3o \u00e9 novidade para a Hillsong. No entanto, ao contr\u00e1rio do mundo, abordamos a justi\u00e7a social com a B\u00edblia como nossa base. N\u00f3s nos vemos como agentes b\u00edblicos. Vemos as pessoas como Deus as v\u00ea, acreditando que cada etnia, ra\u00e7a, g\u00eanero e idade \u00e9 valiosa como pessoa criada \u00e0 imagem de Deus. Nossa ora\u00e7\u00e3o \u00e9 que voc\u00ea tamb\u00e9m se veja como um agente b\u00edblico e que, por meio do discipulado, o n\u00famero de nossos agentes aumente.<\/span><span data-ccp-props=\"{&quot;335551550&quot;:6,&quot;335551620&quot;:6,&quot;335559738&quot;:240,&quot;335559739&quot;:240}\">\u00a0<\/span><\/p>\n<p><span data-contrast=\"auto\">A segunda a\u00e7\u00e3o de aumentar nossa consci\u00eancia sobre as necessidades \u00e9 f\u00e1cil de realizar com o avan\u00e7o da tecnologia. Em apenas alguns minutos, voc\u00ea pode se informar sobre a falta de justi\u00e7a social em 2023. Essa falta, infelizmente, \u00e9 facilmente evidente em quase todas as na\u00e7\u00f5es do mundo, existindo muitas oportunidades para n\u00f3s, como agentes b\u00edblicos, mudarmos vidas por meio de Cristo. Permita-me tomar apenas alguns minutos do seu tempo para aumentar sua consci\u00eancia sobre algumas das necessidades, compartilhando cinco de nossas parcerias:<\/span><span data-ccp-props=\"{&quot;335551550&quot;:6,&quot;335551620&quot;:6,&quot;335559738&quot;:240,&quot;335559739&quot;:240}\">\u00a0<\/span><\/p>\n<ul>\n<li data-leveltext=\"\u25cf\" data-font=\"\" data-listid=\"1\" data-list-defn-props=\"{&quot;335552541&quot;:1,&quot;335559685&quot;:720,&quot;335559991&quot;:360,&quot;469769242&quot;:[8226],&quot;469777803&quot;:&quot;left&quot;,&quot;469777804&quot;:&quot;\u25cf&quot;,&quot;469777815&quot;:&quot;multilevel&quot;}\" aria-setsize=\"-1\" data-aria-posinset=\"1\" data-aria-level=\"1\"><a href=\"https:\/\/www.a21.org\/\"><span data-contrast=\"none\">A21<\/span><\/a><span data-contrast=\"auto\">, que existe para acabar com a escravid\u00e3o moderna. Existem mais pessoas escravizadas hoje do que em qualquer outro momento da hist\u00f3ria. O tr\u00e1fico humano gera uma m\u00e9dia de 150 bilh\u00f5es de d\u00f3lares por ano. Estima-se que 40,3 milh\u00f5es de pessoas estejam escravizadas neste momento. A escravid\u00e3o acontece em todos os pa\u00edses. O tr\u00e1fico humano \u00e9 oculto, de r\u00e1pido crescimento e complexo, gerando bilh\u00f5es a cada ano por meio da explora\u00e7\u00e3o de milh\u00f5es de pessoas.<\/span><span data-ccp-props=\"{&quot;335551550&quot;:6,&quot;335551620&quot;:6,&quot;335559738&quot;:240}\">\u00a0<\/span><\/li>\n<\/ul>\n<ul>\n<li data-leveltext=\"\u25cf\" data-font=\"\" data-listid=\"1\" data-list-defn-props=\"{&quot;335552541&quot;:1,&quot;335559685&quot;:720,&quot;335559991&quot;:360,&quot;469769242&quot;:[8226],&quot;469777803&quot;:&quot;left&quot;,&quot;469777804&quot;:&quot;\u25cf&quot;,&quot;469777815&quot;:&quot;multilevel&quot;}\" aria-setsize=\"-1\" data-aria-posinset=\"2\" data-aria-level=\"1\"><span data-contrast=\"auto\">A <\/span><a href=\"https:\/\/hillsong.com\/appeal\/\"><span data-contrast=\"none\">Hillsong Foundation<\/span><\/a><span data-contrast=\"auto\">, em <\/span><a href=\"https:\/\/hillsong.com\/appeal\/\"><span data-contrast=\"none\">parceria com a Vis\u00e3o Mundial, est\u00e1 ajudando as v\u00edtimas<\/span><\/a><span data-contrast=\"auto\"> do recente terremoto mortal na Turquia e na S\u00edria. O terremoto deixou milhares de pessoas desabrigadas, colocando muitas vidas em risco, incluindo crian\u00e7as e fam\u00edlias j\u00e1 deslocadas.<\/span><span data-ccp-props=\"{&quot;335551550&quot;:6,&quot;335551620&quot;:6}\">\u00a0<\/span><\/li>\n<\/ul>\n<ul>\n<li data-leveltext=\"\u25cf\" data-font=\"\" data-listid=\"1\" data-list-defn-props=\"{&quot;335552541&quot;:1,&quot;335559685&quot;:720,&quot;335559991&quot;:360,&quot;469769242&quot;:[8226],&quot;469777803&quot;:&quot;left&quot;,&quot;469777804&quot;:&quot;\u25cf&quot;,&quot;469777815&quot;:&quot;multilevel&quot;}\" aria-setsize=\"-1\" data-aria-posinset=\"3\" data-aria-level=\"1\"><span data-contrast=\"auto\">A <\/span><a href=\"https:\/\/hillsongafrica.org\/\"><span data-contrast=\"none\">Hillsong Africa Foundation<\/span><\/a><span data-contrast=\"auto\">, que visa construir uma na\u00e7\u00e3o pr\u00f3spera atrav\u00e9s do equipamento das pessoas para cuidarem umas das outras, muitas vezes em circunst\u00e2ncias de extrema pobreza, em comunidades em toda a \u00c1frica do Sul. Nosso diversificado portf\u00f3lio de programas permite que pessoas de todas as esferas da vida se envolvam em elevar os outros.<\/span><span data-ccp-props=\"{&quot;335551550&quot;:6,&quot;335551620&quot;:6}\">\u00a0<\/span><\/li>\n<\/ul>\n<ul>\n<li data-leveltext=\"\u25cf\" data-font=\"\" data-listid=\"1\" data-list-defn-props=\"{&quot;335552541&quot;:1,&quot;335559685&quot;:720,&quot;335559991&quot;:360,&quot;469769242&quot;:[8226],&quot;469777803&quot;:&quot;left&quot;,&quot;469777804&quot;:&quot;\u25cf&quot;,&quot;469777815&quot;:&quot;multilevel&quot;}\" aria-setsize=\"-1\" data-aria-posinset=\"4\" data-aria-level=\"1\"><a href=\"https:\/\/visionrescue.us\/\"><span data-contrast=\"none\">Vision Rescue<\/span><\/a><span data-contrast=\"auto\">, que visa ajudar os 65 milh\u00f5es de pessoas que vivem em favelas na \u00cdndia, de acordo com as estat\u00edsticas de 2011. Estima-se que 47% das crian\u00e7as nas favelas est\u00e3o desnutridas, e muitas delas n\u00e3o recebem educa\u00e7\u00e3o e est\u00e3o em situa\u00e7\u00f5es de alto risco. Com um pouco de amor e cuidado, a Vision Rescue busca empoderar esses indiv\u00edduos e trazer dignidade a comunidades inteiras.<\/span><span data-ccp-props=\"{&quot;335551550&quot;:6,&quot;335551620&quot;:6}\">\u00a0<\/span><\/li>\n<\/ul>\n<ul>\n<li data-leveltext=\"\u25cf\" data-font=\"\" data-listid=\"1\" data-list-defn-props=\"{&quot;335552541&quot;:1,&quot;335559685&quot;:720,&quot;335559991&quot;:360,&quot;469769242&quot;:[8226],&quot;469777803&quot;:&quot;left&quot;,&quot;469777804&quot;:&quot;\u25cf&quot;,&quot;469777815&quot;:&quot;multilevel&quot;}\" aria-setsize=\"-1\" data-aria-posinset=\"5\" data-aria-level=\"1\"><a href=\"https:\/\/www.compassion.com\/child-development-model.htm\"><span data-contrast=\"none\">Apadrinhamento de crian\u00e7as na Compassion<\/span><\/a><span data-contrast=\"auto\">, que ajuda os mais pobres entre os pobres, crian\u00e7as vivendo em extrema pobreza ao redor do mundo. Crian\u00e7as em situa\u00e7\u00e3o de pobreza est\u00e3o mais em risco de desnutri\u00e7\u00e3o, doen\u00e7as e explora\u00e7\u00e3o. Estima-se que 356 milh\u00f5es de crian\u00e7as vivam na pobreza no mundo.<\/span><span data-ccp-props=\"{&quot;335551550&quot;:6,&quot;335551620&quot;:6,&quot;335559739&quot;:240}\">\u00a0<\/span><\/li>\n<\/ul>\n<p><span data-contrast=\"auto\">Nossa consci\u00eancia, como agentes b\u00edblicos, sobre as necessidades de justi\u00e7a social deve nos mover para a a\u00e7\u00e3o, a a\u00e7\u00e3o de Miqueias 6:8. Voc\u00ea est\u00e1 familiarizado com Miqueias 6:8? Talvez voc\u00ea costumasse cant\u00e1-lo na igreja quando era mais jovem. Talvez voc\u00ea o tenha memorizado para a Escola Dominical. Talvez voc\u00ea tenha esse vers\u00edculo tatuado em seu bra\u00e7o. \u00c9 um vers\u00edculo que soa famoso para o meu esp\u00edrito. A terceira a\u00e7\u00e3o, conectada a Miqueias 6:8, tem o potencial de mudar drasticamente muitas vidas. Em Miqueias 6:8 (NVI), diz:<\/span><span data-ccp-props=\"{&quot;335551550&quot;:6,&quot;335551620&quot;:6,&quot;335559738&quot;:240,&quot;335559739&quot;:240}\">\u00a0<\/span><\/p>\n<p><i><span data-contrast=\"auto\">\u201cEle mostrou a voc\u00ea, \u00f3 homem,<\/span><\/i><span data-ccp-props=\"{&quot;134245417&quot;:false,&quot;335551550&quot;:6,&quot;335551620&quot;:6,&quot;335559738&quot;:240,&quot;335559739&quot;:240}\">\u00a0<\/span><\/p>\n<p><i><span data-contrast=\"auto\">o que \u00e9 bom<\/span><\/i><span data-ccp-props=\"{&quot;134245417&quot;:false,&quot;335551550&quot;:6,&quot;335551620&quot;:6,&quot;335559738&quot;:240,&quot;335559739&quot;:240}\">\u00a0<\/span><\/p>\n<p><i><span data-contrast=\"auto\">e o que o Senhor exige:<\/span><\/i><span data-ccp-props=\"{&quot;134245417&quot;:false,&quot;335551550&quot;:6,&quot;335551620&quot;:6,&quot;335559738&quot;:240,&quot;335559739&quot;:240}\">\u00a0<\/span><\/p>\n<p><i><span data-contrast=\"auto\">pratique a justi\u00e7a, ame a fidelidade<\/span><\/i><span data-ccp-props=\"{&quot;134245417&quot;:false,&quot;335551550&quot;:6,&quot;335551620&quot;:6,&quot;335559738&quot;:240,&quot;335559739&quot;:240}\">\u00a0<\/span><\/p>\n<p><i><span data-contrast=\"auto\">e ande humildemente com o seu Deus.\u201d<\/span><\/i><span data-ccp-props=\"{&quot;134245417&quot;:false,&quot;335551550&quot;:6,&quot;335551620&quot;:6,&quot;335559738&quot;:240,&quot;335559739&quot;:240}\">\u00a0<\/span><\/p>\n<p><span data-contrast=\"auto\">Deus nos chama a agir com justi\u00e7a e miseric\u00f3rdia humildemente. Muitos de nossos vizinhos, tanto na rua quanto em escala global, est\u00e3o passando por uma variedade de injusti\u00e7as sociais, e podemos fazer algo a respeito. N\u00f3s, como agentes b\u00edblicos, somos chamados a viver Miqueias 6:8. Deus n\u00e3o apenas nos diz para agir com justi\u00e7a, mas tamb\u00e9m nos diz, no segundo maior mandamento, para amar nosso pr\u00f3ximo como a n\u00f3s mesmos.<\/span><span data-ccp-props=\"{&quot;335551550&quot;:6,&quot;335551620&quot;:6,&quot;335559738&quot;:240,&quot;335559739&quot;:240}\">\u00a0<\/span><\/p>\n<p><a href=\"https:\/\/www.youtube.com\/watch?v=Ysoheaf2uhE\"><span data-contrast=\"none\">Como a Pastora Lucinda disse na semana passada<\/span><\/a><span data-contrast=\"auto\">: \u201c\u00c9 hora de arrega\u00e7armos as mangas e nos levantarmos para liderar\u201d. Lideramos como agentes de justi\u00e7a social b\u00edblicos, dando nossos recursos e\/ou nosso tempo, reconhecendo que ambos nos foram confiados. O apadrinhamento mensal \u00e9, para alguns, f\u00e1cil de fazer e, para outros, um sacrif\u00edcio. Independentemente disso, \u00e9 um exemplo de algo que todos n\u00f3s podemos fazer. Seja um agente de justi\u00e7a social b\u00edblico, colocando Miqueias 6:8 em a\u00e7\u00e3o, tornando-se um parceiro mensal de qualquer um dos minist\u00e9rios listados acima \u2013 <\/span><a href=\"https:\/\/www.a21.org\/content\/donate\/grlpag\"><span data-contrast=\"none\">A21<\/span><\/a><span data-contrast=\"auto\">, <\/span><a href=\"https:\/\/hillsong.com\/appeal\/\"><span data-contrast=\"none\">Hillsong Foundation<\/span><\/a><span data-contrast=\"auto\">, <\/span><a href=\"https:\/\/hillsongafrica.org\/donate\/\"><span data-contrast=\"none\">Hillsong Africa Foundation<\/span><\/a><span data-contrast=\"auto\">, <\/span><a href=\"https:\/\/visionrescue.kindful.com\/\"><span data-contrast=\"none\">Vision Rescue<\/span><\/a><span data-contrast=\"auto\">, <\/span><a href=\"https:\/\/www.compassion.com\/sponsor_a_child\/\"><span data-contrast=\"none\">Apadrinhamento da Compassion<\/span><\/a><span data-contrast=\"auto\"> \u2013 com apenas um d\u00f3lar por dia.<\/span><span data-ccp-props=\"{&quot;335551550&quot;:6,&quot;335551620&quot;:6,&quot;335559738&quot;:240,&quot;335559739&quot;:240}\">\u00a0<\/span><\/p>\n<p><span data-contrast=\"auto\">Vou terminar com este \u00faltimo pensamento, compartilhando a seguinte cita\u00e7\u00e3o: \u201c<\/span><i><span data-contrast=\"auto\">Nenhum de n\u00f3s pode fazer tudo, mas todos podemos fazer algo<\/span><\/i><span data-contrast=\"auto\">\u201d. Imagine o que todas as nossas a\u00e7\u00f5es de &#8220;Miqueias 6:8&#8221; poderiam liberar em termos de oportunidades de justi\u00e7a social!<\/span><span data-ccp-props=\"{&quot;335551550&quot;:6,&quot;335551620&quot;:6,&quot;335559738&quot;:240,&quot;335559739&quot;:240}\">\u00a0<\/span><\/p>\n<p><span data-ccp-props=\"{&quot;335551550&quot;:6,&quot;335551620&quot;:6}\">\u00a0<\/span><\/p>\n<p><em>Escrito por:<\/em><br \/>\nM<i><span data-contrast=\"auto\"><span class=\"NormalTextRun SCXW113464602 BCX0\">aria Hansen-Quine, LASW, MSW <\/span><span class=\"NormalTextRun SpellingErrorV2Themed SCXW113464602 BCX0\">Gerente<\/span><span class=\"NormalTextRun SCXW113464602 BCX0\"> Global de <\/span><span class=\"NormalTextRun SpellingErrorV2Themed SCXW113464602 BCX0\">Diversidade<\/span><span class=\"NormalTextRun SCXW113464602 BCX0\"> e <\/span><span class=\"NormalTextRun SpellingErrorV2Themed SCXW113464602 BCX0\">Inclus\u00e3o<\/span> <span class=\"NormalTextRun SpellingErrorV2Themed SCXW113464602 BCX0\">\u00c9tnica<\/span><span class=\"NormalTextRun SCXW113464602 BCX0\"> e Racial da Hillsong<\/span><\/span><\/i><\/p>","protected":false},"excerpt":{"rendered":"<p>Beklager, denne post er kun tilg\u00e6ngelig i English og Portugu\u00eas do Brasil.No dia 20 de fevereiro, \u00e9 celebrado o Dia Mundial da Justi\u00e7a Social. A justi\u00e7a social \u00e9 complexa e simples ao mesmo tempo, pois em seu cerne est\u00e1 a inten\u00e7\u00e3o de promover a equidade. A justi\u00e7a social analisa a equidade entre diferentes grupos de [&hellip;]<\/p>\n","protected":false},"author":54209,"featured_media":0,"comment_status":"open","ping_status":"open","sticky":false,"template":"","format":"standard","meta":{"footnotes":""},"categories":[15054,15053],"tags":[],"acf":[],"yoast_head":"<!-- This site is optimized with the Yoast SEO plugin v18.9 - https:\/\/yoast.com\/wordpress\/plugins\/seo\/ -->\n<title><\/title>\n<meta name=\"robots\" content=\"index, follow, max-snippet:-1, max-image-preview:large, max-video-preview:-1\" \/>\n<link rel=\"canonical\" href=\"https:\/\/hillsong.com\/brazil\/id\/blog\/2024\/10\/dia-mundial-da-justica-social-2023-superando-barreiras-e-liberando-oportunidades\/\" \/>\n<meta property=\"og:locale\" content=\"en_US\" \/>\n<meta property=\"og:type\" content=\"article\" \/>\n<meta property=\"og:title\" content=\"[:en]Dia Mundial da Justi\u00e7a Social 2023: Superando Barreiras e Liberando Oportunidades [:pb]Dia Mundial da Justi\u00e7a Social 2023: Superando Barreiras e Liberando Oportunidades [:] | Brazil\" \/>\n<meta property=\"og:description\" content=\"Beklager, denne post er kun tilg\u00e6ngelig i English og Portugu\u00eas do Brasil.No dia 20 de fevereiro, \u00e9 celebrado o Dia Mundial da Justi\u00e7a Social. A justi\u00e7a social \u00e9 complexa e simples ao mesmo tempo, pois em seu cerne est\u00e1 a inten\u00e7\u00e3o de promover a equidade. A justi\u00e7a social analisa a equidade entre diferentes grupos de [&hellip;]\" \/>\n<meta property=\"og:url\" content=\"https:\/\/hillsong.com\/brazil\/id\/blog\/2024\/10\/dia-mundial-da-justica-social-2023-superando-barreiras-e-liberando-oportunidades\/\" \/>\n<meta property=\"og:site_name\" content=\"Brazil\" \/>\n<meta property=\"article:published_time\" content=\"2024-10-16T17:24:44+00:00\" \/>\n<meta name=\"twitter:card\" content=\"summary_large_image\" \/>\n<meta name=\"twitter:label1\" content=\"Written by\" \/>\n\t<meta name=\"twitter:data1\" content=\"gabryellekemilly\" \/>\n\t<meta name=\"twitter:label2\" content=\"Est. reading time\" \/>\n\t<meta name=\"twitter:data2\" content=\"11 minutes\" \/>\n<script type=\"application\/ld+json\" class=\"yoast-schema-graph\">{\"@context\":\"https:\/\/schema.org\",\"@graph\":[{\"@type\":\"Organization\",\"@id\":\"https:\/\/hillsong.com\/brazil\/no\/#organization\",\"name\":\"Hillsong Church Brasil\",\"url\":\"https:\/\/hillsong.com\/brazil\/no\/\",\"sameAs\":[],\"logo\":{\"@type\":\"ImageObject\",\"inLanguage\":\"da-DA\",\"@id\":\"https:\/\/hillsong.com\/brazil\/no\/#\/schema\/logo\/image\/\",\"url\":\"https:\/\/cdn.hillsong.com\/wp-content\/uploads\/sites\/36\/2025\/08\/31011329\/hsp-logo-bk-outline.png\",\"contentUrl\":\"https:\/\/cdn.hillsong.com\/wp-content\/uploads\/sites\/36\/2025\/08\/31011329\/hsp-logo-bk-outline.png\",\"width\":600,\"height\":600,\"caption\":\"Hillsong Church Brasil\"},\"image\":{\"@id\":\"https:\/\/hillsong.com\/brazil\/no\/#\/schema\/logo\/image\/\"}},{\"@type\":\"WebSite\",\"@id\":\"https:\/\/hillsong.com\/brazil\/no\/#website\",\"url\":\"https:\/\/hillsong.com\/brazil\/no\/\",\"name\":\"Brazil\",\"description\":\"\",\"publisher\":{\"@id\":\"https:\/\/hillsong.com\/brazil\/no\/#organization\"},\"potentialAction\":[{\"@type\":\"SearchAction\",\"target\":{\"@type\":\"EntryPoint\",\"urlTemplate\":\"https:\/\/hillsong.com\/brazil\/no\/?s={search_term_string}\"},\"query-input\":\"required name=search_term_string\"}],\"inLanguage\":\"da-DA\"},{\"@type\":\"WebPage\",\"@id\":\"https:\/\/hillsong.com\/brazil\/id\/blog\/2024\/10\/dia-mundial-da-justica-social-2023-superando-barreiras-e-liberando-oportunidades\/#webpage\",\"url\":\"https:\/\/hillsong.com\/brazil\/id\/blog\/2024\/10\/dia-mundial-da-justica-social-2023-superando-barreiras-e-liberando-oportunidades\/\",\"name\":\"[:en]Dia Mundial da Justi\u00e7a Social 2023: Superando Barreiras e Liberando Oportunidades [:pb]Dia Mundial da Justi\u00e7a Social 2023: Superando Barreiras e Liberando Oportunidades [:] | Brazil\",\"isPartOf\":{\"@id\":\"https:\/\/hillsong.com\/brazil\/no\/#website\"},\"datePublished\":\"2024-10-16T17:24:44+00:00\",\"dateModified\":\"2024-10-16T17:24:44+00:00\",\"breadcrumb\":{\"@id\":\"https:\/\/hillsong.com\/brazil\/id\/blog\/2024\/10\/dia-mundial-da-justica-social-2023-superando-barreiras-e-liberando-oportunidades\/#breadcrumb\"},\"inLanguage\":\"da-DA\",\"potentialAction\":[{\"@type\":\"ReadAction\",\"target\":[\"https:\/\/hillsong.com\/brazil\/id\/blog\/2024\/10\/dia-mundial-da-justica-social-2023-superando-barreiras-e-liberando-oportunidades\/\"]}]},{\"@type\":\"BreadcrumbList\",\"@id\":\"https:\/\/hillsong.com\/brazil\/id\/blog\/2024\/10\/dia-mundial-da-justica-social-2023-superando-barreiras-e-liberando-oportunidades\/#breadcrumb\",\"itemListElement\":[{\"@type\":\"ListItem\",\"position\":1,\"name\":\"Home\",\"item\":\"https:\/\/hillsong.com\/brazil\/no\/\"},{\"@type\":\"ListItem\",\"position\":2,\"name\":\"Dia Mundial da Justi\u00e7a Social 2023: Superando Barreiras e Liberando Oportunidades\"}]},{\"@type\":\"Article\",\"@id\":\"https:\/\/hillsong.com\/brazil\/id\/blog\/2024\/10\/dia-mundial-da-justica-social-2023-superando-barreiras-e-liberando-oportunidades\/#article\",\"isPartOf\":{\"@id\":\"https:\/\/hillsong.com\/brazil\/id\/blog\/2024\/10\/dia-mundial-da-justica-social-2023-superando-barreiras-e-liberando-oportunidades\/#webpage\"},\"author\":{\"@id\":\"https:\/\/hillsong.com\/brazil\/no\/#\/schema\/person\/8a7eab012c6640777577c02f2f8e266a\"},\"headline\":\"Dia Mundial da Justi\u00e7a Social 2023: Superando Barreiras e Liberando Oportunidades\",\"datePublished\":\"2024-10-16T17:24:44+00:00\",\"dateModified\":\"2024-10-16T17:24:44+00:00\",\"mainEntityOfPage\":{\"@id\":\"https:\/\/hillsong.com\/brazil\/id\/blog\/2024\/10\/dia-mundial-da-justica-social-2023-superando-barreiras-e-liberando-oportunidades\/#webpage\"},\"wordCount\":2217,\"commentCount\":0,\"publisher\":{\"@id\":\"https:\/\/hillsong.com\/brazil\/no\/#organization\"},\"articleSection\":[\"Blog\",\"Sao Paulo\"],\"inLanguage\":\"da-DA\",\"potentialAction\":[{\"@type\":\"CommentAction\",\"name\":\"Comment\",\"target\":[\"https:\/\/hillsong.com\/brazil\/id\/blog\/2024\/10\/dia-mundial-da-justica-social-2023-superando-barreiras-e-liberando-oportunidades\/#respond\"]}]},{\"@type\":\"Person\",\"@id\":\"https:\/\/hillsong.com\/brazil\/no\/#\/schema\/person\/8a7eab012c6640777577c02f2f8e266a\",\"name\":\"gabryellekemilly\",\"image\":{\"@type\":\"ImageObject\",\"inLanguage\":\"da-DA\",\"@id\":\"https:\/\/hillsong.com\/brazil\/no\/#\/schema\/person\/image\/\",\"url\":\"https:\/\/secure.gravatar.com\/avatar\/fbfe2f72a93890eca12c907961251de5?s=96&d=mm&r=g\",\"contentUrl\":\"https:\/\/secure.gravatar.com\/avatar\/fbfe2f72a93890eca12c907961251de5?s=96&d=mm&r=g\",\"caption\":\"gabryellekemilly\"},\"url\":\"https:\/\/hillsong.com\/brazil\/da\/author\/gabryellekemilly\/\"}]}<\/script>\n<!-- \/ Yoast SEO plugin. -->","yoast_head_json":{"title":"[:en]Dia Mundial da Justi\u00e7a Social 2023: Superando Barreiras e Liberando Oportunidades [:pb]Dia Mundial da Justi\u00e7a Social 2023: Superando Barreiras e Liberando Oportunidades [:] | Brazil","robots":{"index":"index","follow":"follow","max-snippet":"max-snippet:-1","max-image-preview":"max-image-preview:large","max-video-preview":"max-video-preview:-1"},"canonical":"https:\/\/hillsong.com\/brazil\/id\/blog\/2024\/10\/dia-mundial-da-justica-social-2023-superando-barreiras-e-liberando-oportunidades\/","og_locale":"en_US","og_type":"article","og_title":"[:en]Dia Mundial da Justi\u00e7a Social 2023: Superando Barreiras e Liberando Oportunidades [:pb]Dia Mundial da Justi\u00e7a Social 2023: Superando Barreiras e Liberando Oportunidades [:] | Brazil","og_description":"Beklager, denne post er kun tilg\u00e6ngelig i English og Portugu\u00eas do Brasil.No dia 20 de fevereiro, \u00e9 celebrado o Dia Mundial da Justi\u00e7a Social. A justi\u00e7a social \u00e9 complexa e simples ao mesmo tempo, pois em seu cerne est\u00e1 a inten\u00e7\u00e3o de promover a equidade. A justi\u00e7a social analisa a equidade entre diferentes grupos de [&hellip;]","og_url":"https:\/\/hillsong.com\/brazil\/id\/blog\/2024\/10\/dia-mundial-da-justica-social-2023-superando-barreiras-e-liberando-oportunidades\/","og_site_name":"Brazil","article_published_time":"2024-10-16T17:24:44+00:00","twitter_card":"summary_large_image","twitter_misc":{"Written by":"gabryellekemilly","Est. reading time":"11 minutes"},"schema":{"@context":"https:\/\/schema.org","@graph":[{"@type":"Organization","@id":"https:\/\/hillsong.com\/brazil\/no\/#organization","name":"Hillsong Church Brasil","url":"https:\/\/hillsong.com\/brazil\/no\/","sameAs":[],"logo":{"@type":"ImageObject","inLanguage":"da-DA","@id":"https:\/\/hillsong.com\/brazil\/no\/#\/schema\/logo\/image\/","url":"https:\/\/cdn.hillsong.com\/wp-content\/uploads\/sites\/36\/2025\/08\/31011329\/hsp-logo-bk-outline.png","contentUrl":"https:\/\/cdn.hillsong.com\/wp-content\/uploads\/sites\/36\/2025\/08\/31011329\/hsp-logo-bk-outline.png","width":600,"height":600,"caption":"Hillsong Church Brasil"},"image":{"@id":"https:\/\/hillsong.com\/brazil\/no\/#\/schema\/logo\/image\/"}},{"@type":"WebSite","@id":"https:\/\/hillsong.com\/brazil\/no\/#website","url":"https:\/\/hillsong.com\/brazil\/no\/","name":"Brazil","description":"","publisher":{"@id":"https:\/\/hillsong.com\/brazil\/no\/#organization"},"potentialAction":[{"@type":"SearchAction","target":{"@type":"EntryPoint","urlTemplate":"https:\/\/hillsong.com\/brazil\/no\/?s={search_term_string}"},"query-input":"required name=search_term_string"}],"inLanguage":"da-DA"},{"@type":"WebPage","@id":"https:\/\/hillsong.com\/brazil\/id\/blog\/2024\/10\/dia-mundial-da-justica-social-2023-superando-barreiras-e-liberando-oportunidades\/#webpage","url":"https:\/\/hillsong.com\/brazil\/id\/blog\/2024\/10\/dia-mundial-da-justica-social-2023-superando-barreiras-e-liberando-oportunidades\/","name":"[:en]Dia Mundial da Justi\u00e7a Social 2023: Superando Barreiras e Liberando Oportunidades [:pb]Dia Mundial da Justi\u00e7a Social 2023: Superando Barreiras e Liberando Oportunidades [:] | Brazil","isPartOf":{"@id":"https:\/\/hillsong.com\/brazil\/no\/#website"},"datePublished":"2024-10-16T17:24:44+00:00","dateModified":"2024-10-16T17:24:44+00:00","breadcrumb":{"@id":"https:\/\/hillsong.com\/brazil\/id\/blog\/2024\/10\/dia-mundial-da-justica-social-2023-superando-barreiras-e-liberando-oportunidades\/#breadcrumb"},"inLanguage":"da-DA","potentialAction":[{"@type":"ReadAction","target":["https:\/\/hillsong.com\/brazil\/id\/blog\/2024\/10\/dia-mundial-da-justica-social-2023-superando-barreiras-e-liberando-oportunidades\/"]}]},{"@type":"BreadcrumbList","@id":"https:\/\/hillsong.com\/brazil\/id\/blog\/2024\/10\/dia-mundial-da-justica-social-2023-superando-barreiras-e-liberando-oportunidades\/#breadcrumb","itemListElement":[{"@type":"ListItem","position":1,"name":"Home","item":"https:\/\/hillsong.com\/brazil\/no\/"},{"@type":"ListItem","position":2,"name":"Dia Mundial da Justi\u00e7a Social 2023: Superando Barreiras e Liberando Oportunidades"}]},{"@type":"Article","@id":"https:\/\/hillsong.com\/brazil\/id\/blog\/2024\/10\/dia-mundial-da-justica-social-2023-superando-barreiras-e-liberando-oportunidades\/#article","isPartOf":{"@id":"https:\/\/hillsong.com\/brazil\/id\/blog\/2024\/10\/dia-mundial-da-justica-social-2023-superando-barreiras-e-liberando-oportunidades\/#webpage"},"author":{"@id":"https:\/\/hillsong.com\/brazil\/no\/#\/schema\/person\/8a7eab012c6640777577c02f2f8e266a"},"headline":"Dia Mundial da Justi\u00e7a Social 2023: Superando Barreiras e Liberando Oportunidades","datePublished":"2024-10-16T17:24:44+00:00","dateModified":"2024-10-16T17:24:44+00:00","mainEntityOfPage":{"@id":"https:\/\/hillsong.com\/brazil\/id\/blog\/2024\/10\/dia-mundial-da-justica-social-2023-superando-barreiras-e-liberando-oportunidades\/#webpage"},"wordCount":2217,"commentCount":0,"publisher":{"@id":"https:\/\/hillsong.com\/brazil\/no\/#organization"},"articleSection":["Blog","Sao Paulo"],"inLanguage":"da-DA","potentialAction":[{"@type":"CommentAction","name":"Comment","target":["https:\/\/hillsong.com\/brazil\/id\/blog\/2024\/10\/dia-mundial-da-justica-social-2023-superando-barreiras-e-liberando-oportunidades\/#respond"]}]},{"@type":"Person","@id":"https:\/\/hillsong.com\/brazil\/no\/#\/schema\/person\/8a7eab012c6640777577c02f2f8e266a","name":"gabryellekemilly","image":{"@type":"ImageObject","inLanguage":"da-DA","@id":"https:\/\/hillsong.com\/brazil\/no\/#\/schema\/person\/image\/","url":"https:\/\/secure.gravatar.com\/avatar\/fbfe2f72a93890eca12c907961251de5?s=96&d=mm&r=g","contentUrl":"https:\/\/secure.gravatar.com\/avatar\/fbfe2f72a93890eca12c907961251de5?s=96&d=mm&r=g","caption":"gabryellekemilly"},"url":"https:\/\/hillsong.com\/brazil\/da\/author\/gabryellekemilly\/"}]}},"_links":{"self":[{"href":"https:\/\/hillsong.com\/brazil\/da\/wp-json\/wp\/v2\/posts\/639305"}],"collection":[{"href":"https:\/\/hillsong.com\/brazil\/da\/wp-json\/wp\/v2\/posts"}],"about":[{"href":"https:\/\/hillsong.com\/brazil\/da\/wp-json\/wp\/v2\/types\/post"}],"author":[{"embeddable":true,"href":"https:\/\/hillsong.com\/brazil\/da\/wp-json\/wp\/v2\/users\/54209"}],"replies":[{"embeddable":true,"href":"https:\/\/hillsong.com\/brazil\/da\/wp-json\/wp\/v2\/comments?post=639305"}],"version-history":[{"count":1,"href":"https:\/\/hillsong.com\/brazil\/da\/wp-json\/wp\/v2\/posts\/639305\/revisions"}],"predecessor-version":[{"id":639308,"href":"https:\/\/hillsong.com\/brazil\/da\/wp-json\/wp\/v2\/posts\/639305\/revisions\/639308"}],"wp:attachment":[{"href":"https:\/\/hillsong.com\/brazil\/da\/wp-json\/wp\/v2\/media?parent=639305"}],"wp:term":[{"taxonomy":"category","embeddable":true,"href":"https:\/\/hillsong.com\/brazil\/da\/wp-json\/wp\/v2\/categories?post=639305"},{"taxonomy":"post_tag","embeddable":true,"href":"https:\/\/hillsong.com\/brazil\/da\/wp-json\/wp\/v2\/tags?post=639305"}],"curies":[{"name":"wp","href":"https:\/\/api.w.org\/{rel}","templated":true}]}}