{"id":635558,"date":"2022-03-28T10:10:59","date_gmt":"2022-03-28T13:10:59","guid":{"rendered":"https:\/\/hillsong.com\/brazil\/?p=635558"},"modified":"2022-03-30T18:11:13","modified_gmt":"2022-03-30T21:11:13","slug":"dia-2-superando-nossos-traumas","status":"publish","type":"post","link":"https:\/\/hillsong.com\/brazil\/de\/blog\/2022\/03\/dia-2-superando-nossos-traumas\/","title":{"rendered":"Dia 2 \u2013 Superando nossos traumas"},"content":{"rendered":"<p class=\"qtranxs-available-languages-message qtranxs-available-languages-message-de\">Leider ist der Eintrag nur auf <a href=\"https:\/\/hillsong.com\/brazil\/en\/wp-json\/wp\/v2\/posts\/635558\/\" class=\"qtranxs-available-language-link qtranxs-available-language-link-en\" title=\"English\">Amerikanisches Englisch<\/a> und <a href=\"https:\/\/hillsong.com\/brazil\/pb\/wp-json\/wp\/v2\/posts\/635558\/\" class=\"qtranxs-available-language-link qtranxs-available-language-link-pb\" title=\"Portugu\u00eas do Brasil\">Brasilianisches Portugiesisch<\/a> verf\u00fcgbar.<\/p><p><i>Chegando Jos\u00e9, seus irm\u00e3os lhe arrancaram a t\u00fanica longa,<br \/>\n<\/i><i>agarraram-no e o jogaram no po\u00e7o, que estava vazio e sem \u00e1gua.<br \/>\n<\/i><i>Ao se assentarem para comer, viram ao longe uma caravana de ismaelitas que vinha de Gileade. Seus camelos estavam carregados de especiarias, b\u00e1lsamo e mirra, que eles levavam para o Egito.<br \/>\n<\/i><i>Jud\u00e1 disse ent\u00e3o a seus irm\u00e3os: &#8222;Que ganharemos se matarmos o nosso irm\u00e3o e escondermos o seu sangue?<br \/>\n<\/i><i>Vamos vend\u00ea-lo aos ismaelitas. N\u00e3o tocaremos nele, afinal \u00e9 nosso irm\u00e3o, \u00e9 nosso pr\u00f3prio sangue&#8220;. E seus irm\u00e3os concordaram.<br \/>\n<\/i><i>Quando os mercadores ismaelitas de Midi\u00e3 se aproximaram, seus irm\u00e3os tiraram Jos\u00e9 do po\u00e7o e o venderam por vinte pe\u00e7as de prata aos ismaelitas, que o levaram para o Egito.<br \/>\n<\/i><b>G\u00eanesis 37:23-28<\/b><\/p>\n<p>E a ora\u00e7\u00e3o feita com f\u00e9 curar\u00e1 o doente; o Senhor o levantar\u00e1. E se houver cometido pecados, ele ser\u00e1 perdoado.<br \/>\nPortanto, confessem os seus pecados uns aos outros e orem uns pelos outros para serem curados. A ora\u00e7\u00e3o de um justo \u00e9 poderosa e eficaz.<br \/>\n<b>Tiago 5:15,16<\/b><\/p>\n<p>&nbsp;<\/p>\n<p>Todos temos feridas dentro de n\u00f3s, como resultado de alguma experi\u00eancia negativa que achamos dif\u00edcil superar. \u00c0s vezes pensamos que somos o produto dessa dor e que devemos carregar essa experi\u00eancia para o resto de nossas vidas. Assim vivemos traumatizados, agarrados a coisas que n\u00e3o nos permitem avan\u00e7ar.<\/p>\n<p>Hoje tenho uma boa not\u00edcia: Deus quer que superemos nossos traumas!<\/p>\n<p>Em G\u00eanesis 37, lemos a hist\u00f3ria de Jos\u00e9, um jovem sonhador que enfrentou muitos eventos traum\u00e1ticos em sua vida. Invejado por seus irm\u00e3os, foi vendido como escravo aos ismaelitas e depois a Potifar, longe de sua terra natal. Ele foi falsamente acusado e preso.<\/p>\n<p>Jos\u00e9 tinha todas as desculpas para ficar zangado com Deus, mas mesmo assim n\u00e3o o fez, mas superou o que tentou marc\u00e1-lo para a vida. Jos\u00e9 manteve sua f\u00e9 e seu foco.<\/p>\n<p>Atrav\u00e9s de sua hist\u00f3ria, podemos lembrar que mesmo quando outros tentam nos prejudicar, Deus pode usar essa situa\u00e7\u00e3o para produzir o bem. Nada neste mundo pode limitar o que Deus vai fazer em n\u00f3s, conosco e atrav\u00e9s de n\u00f3s.<\/p>\n<p>As feridas s\u00e3o fruto do pecado que existe neste mundo imperfeito, mas Deus tem o poder de intervir em todas as situa\u00e7\u00f5es e trazer vida. Nossos desafios t\u00eam o potencial de se tornarem testemunhos de sua gra\u00e7a.<\/p>\n<p>Como superar nossos traumas? Jos\u00e9 fez duas coisas para alcan\u00e7\u00e1-lo:<\/p>\n<p><b>Ele se agarrou no\u00a0 plano que Deus tinha para sua vida<br \/>\n<\/b>Mesmo como escravo e prisioneiro, Jos\u00e9 n\u00e3o perdeu de vista o sonho que Deus lhe havia mostrado. Ele foi o melhor escravo e servo, deu o seu melhor em todos os contextos em que se encontrava.<\/p>\n<p><b>Aprendeu a perdoar<br \/>\n<\/b>Quando seus irm\u00e3os vieram diante dele, Jos\u00e9 n\u00e3o se vingou, mas agiu com miseric\u00f3rdia. Ao perdoar, deixamos de lado o que o inimigo queria usar para roubar nosso prop\u00f3sito e potencial.<\/p>\n<p>\u200b\u00c9 importante para Deus que estejamos saud\u00e1veis. N\u00e3o s\u00f3 fisicamente, mas tamb\u00e9m espiritual e emocionalmente. Para entrar naquilo que Ele tem para n\u00f3s, nossas feridas precisam cicatrizar. N\u00e3o iremos muito longe se avan\u00e7armos com feridas abertas ou infectadas.<\/p>\n<p>Deus quer curar nosso interior e o far\u00e1 atrav\u00e9s da confiss\u00e3o, da comunidade e da ora\u00e7\u00e3o. Quando voc\u00ea fala sobre seus traumas e trabalha neles no contexto certo, cerque-se de pessoas de f\u00e9 que caminhem com voc\u00ea, levantem seus bra\u00e7os, e envolva Deus em sua vida, Ele faz o que est\u00e1 al\u00e9m de suas for\u00e7as.<\/p>\n<p>Em Cristo nossa por\u00e7\u00e3o \u00e9 a liberdade. Voc\u00ea n\u00e3o \u00e9 sua dor, voc\u00ea n\u00e3o \u00e9 seu passado, nem seu pecado. Voc\u00ea n\u00e3o \u00e9 sua m\u00e3e ou seu pai, voc\u00ea tamb\u00e9m n\u00e3o \u00e9 seu fracasso. Voc\u00ea \u00e9 filho de Deus e pode superar traumas porque suas feridas pagaram o pre\u00e7o por sua liberdade e cura. N\u00e3o viva de acordo com suas feridas, viva de acordo com as feridas Dele!<\/p>\n<p><strong>Ora\u00e7\u00e3o:<\/strong> <em>Pai, ajuda-me a focar em Ti, a ver a cruz como ela \u00e9: a obra completa e perfeita de Jesus Cristo. Ajuda-me a liberar a dor dessa ofensa, o ressentimento desse abuso, o que me limita. Esp\u00edrito Santo, pe\u00e7o-lhe que enxugue minhas l\u00e1grimas e encoraje meu esp\u00edrito. Obrigado porque voc\u00ea traz cura para minha vida. Am\u00e9m.<\/em><\/p>","protected":false},"excerpt":{"rendered":"<p class=\"qtranxs-available-languages-message qtranxs-available-languages-message-de\">Leider ist der Eintrag nur auf <a href=\"https:\/\/hillsong.com\/brazil\/en\/wp-json\/wp\/v2\/posts\/635558\/\" class=\"qtranxs-available-language-link qtranxs-available-language-link-en\" title=\"English\">Amerikanisches Englisch<\/a> und <a href=\"https:\/\/hillsong.com\/brazil\/pb\/wp-json\/wp\/v2\/posts\/635558\/\" class=\"qtranxs-available-language-link qtranxs-available-language-link-pb\" title=\"Portugu\u00eas do Brasil\">Brasilianisches Portugiesisch<\/a> verf\u00fcgbar.<\/p>\n<p>\u200b\u00c9 importante para Deus que estejamos saud\u00e1veis. N\u00e3o s\u00f3 fisicamente, mas tamb\u00e9m espiritual e emocionalmente. Para entrar naquilo que Ele tem para n\u00f3s, nossas feridas precisam cicatrizar. N\u00e3o iremos muito longe se avan\u00e7armos com feridas abertas ou infectadas.<\/p>\n","protected":false},"author":54117,"featured_media":0,"comment_status":"open","ping_status":"open","sticky":false,"template":"","format":"standard","meta":{"footnotes":""},"categories":[15054,15055,15053],"tags":[],"acf":[],"yoast_head":"<!-- This site is optimized with the Yoast SEO plugin v18.9 - https:\/\/yoast.com\/wordpress\/plugins\/seo\/ -->\n<title><\/title>\n<meta name=\"robots\" content=\"index, follow, max-snippet:-1, max-image-preview:large, max-video-preview:-1\" \/>\n<link rel=\"canonical\" href=\"https:\/\/hillsong.com\/brazil\/blog\/2022\/03\/dia-2-superando-nossos-traumas\/\" \/>\n<meta property=\"og:locale\" content=\"de_DE\" \/>\n<meta property=\"og:type\" content=\"article\" \/>\n<meta property=\"og:title\" content=\"[:en]Dia 2 \u2013 Superando nossos traumas[:pb]Dia 2 \u2013 Superando nossos traumas[:] | Brazil\" \/>\n<meta property=\"og:description\" content=\"[:en]\u200b\u00c9 importante para Deus que estejamos saud\u00e1veis. N\u00e3o s\u00f3 fisicamente, mas tamb\u00e9m espiritual e emocionalmente. Para entrar naquilo que Ele tem para n\u00f3s, nossas feridas precisam cicatrizar. N\u00e3o iremos muito longe se avan\u00e7armos com feridas abertas ou infectadas.[:pb]\u200b\u00c9 importante para Deus que estejamos saud\u00e1veis. N\u00e3o s\u00f3 fisicamente, mas tamb\u00e9m espiritual e emocionalmente. Para entrar naquilo que Ele tem para n\u00f3s, nossas feridas precisam cicatrizar. N\u00e3o iremos muito longe se avan\u00e7armos com feridas abertas ou infectadas.[:]\" \/>\n<meta property=\"og:url\" content=\"https:\/\/hillsong.com\/brazil\/blog\/2022\/03\/dia-2-superando-nossos-traumas\/\" \/>\n<meta property=\"og:site_name\" content=\"Brazil\" \/>\n<meta property=\"article:published_time\" content=\"2022-03-28T13:10:59+00:00\" \/>\n<meta property=\"article:modified_time\" content=\"2022-03-30T21:11:13+00:00\" \/>\n<meta name=\"twitter:card\" content=\"summary_large_image\" \/>\n<meta name=\"twitter:label1\" content=\"Written by\" \/>\n\t<meta name=\"twitter:data1\" content=\"Arthur Zarpelon\" \/>\n\t<meta name=\"twitter:label2\" content=\"Est. reading time\" \/>\n\t<meta name=\"twitter:data2\" content=\"8 Minuten\" \/>\n<script type=\"application\/ld+json\" class=\"yoast-schema-graph\">{\"@context\":\"https:\/\/schema.org\",\"@graph\":[{\"@type\":\"Organization\",\"@id\":\"https:\/\/hillsong.com\/brazil\/no\/#organization\",\"name\":\"Hillsong Church Brasil\",\"url\":\"https:\/\/hillsong.com\/brazil\/no\/\",\"sameAs\":[],\"logo\":{\"@type\":\"ImageObject\",\"inLanguage\":\"de-DE\",\"@id\":\"https:\/\/hillsong.com\/brazil\/no\/#\/schema\/logo\/image\/\",\"url\":\"https:\/\/cdn.hillsong.com\/wp-content\/uploads\/sites\/36\/2025\/08\/31011329\/hsp-logo-bk-outline.png\",\"contentUrl\":\"https:\/\/cdn.hillsong.com\/wp-content\/uploads\/sites\/36\/2025\/08\/31011329\/hsp-logo-bk-outline.png\",\"width\":600,\"height\":600,\"caption\":\"Hillsong Church Brasil\"},\"image\":{\"@id\":\"https:\/\/hillsong.com\/brazil\/no\/#\/schema\/logo\/image\/\"}},{\"@type\":\"WebSite\",\"@id\":\"https:\/\/hillsong.com\/brazil\/no\/#website\",\"url\":\"https:\/\/hillsong.com\/brazil\/no\/\",\"name\":\"Brazil\",\"description\":\"\",\"publisher\":{\"@id\":\"https:\/\/hillsong.com\/brazil\/no\/#organization\"},\"potentialAction\":[{\"@type\":\"SearchAction\",\"target\":{\"@type\":\"EntryPoint\",\"urlTemplate\":\"https:\/\/hillsong.com\/brazil\/no\/?s={search_term_string}\"},\"query-input\":\"required name=search_term_string\"}],\"inLanguage\":\"de-DE\"},{\"@type\":\"WebPage\",\"@id\":\"https:\/\/hillsong.com\/brazil\/blog\/2022\/03\/dia-2-superando-nossos-traumas\/#webpage\",\"url\":\"https:\/\/hillsong.com\/brazil\/blog\/2022\/03\/dia-2-superando-nossos-traumas\/\",\"name\":\"[:en]Dia 2 \u2013 Superando nossos traumas[:pb]Dia 2 \u2013 Superando nossos traumas[:] | Brazil\",\"isPartOf\":{\"@id\":\"https:\/\/hillsong.com\/brazil\/no\/#website\"},\"datePublished\":\"2022-03-28T13:10:59+00:00\",\"dateModified\":\"2022-03-30T21:11:13+00:00\",\"breadcrumb\":{\"@id\":\"https:\/\/hillsong.com\/brazil\/blog\/2022\/03\/dia-2-superando-nossos-traumas\/#breadcrumb\"},\"inLanguage\":\"de-DE\",\"potentialAction\":[{\"@type\":\"ReadAction\",\"target\":[\"https:\/\/hillsong.com\/brazil\/blog\/2022\/03\/dia-2-superando-nossos-traumas\/\"]}]},{\"@type\":\"BreadcrumbList\",\"@id\":\"https:\/\/hillsong.com\/brazil\/blog\/2022\/03\/dia-2-superando-nossos-traumas\/#breadcrumb\",\"itemListElement\":[{\"@type\":\"ListItem\",\"position\":1,\"name\":\"Home\",\"item\":\"https:\/\/hillsong.com\/brazil\/no\/\"},{\"@type\":\"ListItem\",\"position\":2,\"name\":\"Dia 2 \u2013 Superando nossos traumas\"}]},{\"@type\":\"Article\",\"@id\":\"https:\/\/hillsong.com\/brazil\/blog\/2022\/03\/dia-2-superando-nossos-traumas\/#article\",\"isPartOf\":{\"@id\":\"https:\/\/hillsong.com\/brazil\/blog\/2022\/03\/dia-2-superando-nossos-traumas\/#webpage\"},\"author\":{\"@id\":\"https:\/\/hillsong.com\/brazil\/no\/#\/schema\/person\/ccf8274a6836227f96f928909590a539\"},\"headline\":\"Dia 2 \u2013 Superando nossos traumas\",\"datePublished\":\"2022-03-28T13:10:59+00:00\",\"dateModified\":\"2022-03-30T21:11:13+00:00\",\"mainEntityOfPage\":{\"@id\":\"https:\/\/hillsong.com\/brazil\/blog\/2022\/03\/dia-2-superando-nossos-traumas\/#webpage\"},\"wordCount\":1514,\"commentCount\":0,\"publisher\":{\"@id\":\"https:\/\/hillsong.com\/brazil\/no\/#organization\"},\"articleSection\":[\"Blog\",\"Devocional\",\"Sao Paulo\"],\"inLanguage\":\"de-DE\",\"potentialAction\":[{\"@type\":\"CommentAction\",\"name\":\"Comment\",\"target\":[\"https:\/\/hillsong.com\/brazil\/blog\/2022\/03\/dia-2-superando-nossos-traumas\/#respond\"]}]},{\"@type\":\"Person\",\"@id\":\"https:\/\/hillsong.com\/brazil\/no\/#\/schema\/person\/ccf8274a6836227f96f928909590a539\",\"name\":\"Arthur Zarpelon\",\"image\":{\"@type\":\"ImageObject\",\"inLanguage\":\"de-DE\",\"@id\":\"https:\/\/hillsong.com\/brazil\/no\/#\/schema\/person\/image\/\",\"url\":\"https:\/\/secure.gravatar.com\/avatar\/aabd2463ff89763f2f8db4d6d0ce376f?s=96&d=mm&r=g\",\"contentUrl\":\"https:\/\/secure.gravatar.com\/avatar\/aabd2463ff89763f2f8db4d6d0ce376f?s=96&d=mm&r=g\",\"caption\":\"Arthur Zarpelon\"},\"url\":\"https:\/\/hillsong.com\/brazil\/de\/author\/arthurzarpelon\/\"}]}<\/script>\n<!-- \/ Yoast SEO plugin. -->","yoast_head_json":{"title":"[:en]Dia 2 \u2013 Superando nossos traumas[:pb]Dia 2 \u2013 Superando nossos traumas[:] | Brazil","robots":{"index":"index","follow":"follow","max-snippet":"max-snippet:-1","max-image-preview":"max-image-preview:large","max-video-preview":"max-video-preview:-1"},"canonical":"https:\/\/hillsong.com\/brazil\/blog\/2022\/03\/dia-2-superando-nossos-traumas\/","og_locale":"de_DE","og_type":"article","og_title":"[:en]Dia 2 \u2013 Superando nossos traumas[:pb]Dia 2 \u2013 Superando nossos traumas[:] | Brazil","og_description":"[:en]\u200b\u00c9 importante para Deus que estejamos saud\u00e1veis. N\u00e3o s\u00f3 fisicamente, mas tamb\u00e9m espiritual e emocionalmente. Para entrar naquilo que Ele tem para n\u00f3s, nossas feridas precisam cicatrizar. N\u00e3o iremos muito longe se avan\u00e7armos com feridas abertas ou infectadas.[:pb]\u200b\u00c9 importante para Deus que estejamos saud\u00e1veis. N\u00e3o s\u00f3 fisicamente, mas tamb\u00e9m espiritual e emocionalmente. Para entrar naquilo que Ele tem para n\u00f3s, nossas feridas precisam cicatrizar. N\u00e3o iremos muito longe se avan\u00e7armos com feridas abertas ou infectadas.[:]","og_url":"https:\/\/hillsong.com\/brazil\/blog\/2022\/03\/dia-2-superando-nossos-traumas\/","og_site_name":"Brazil","article_published_time":"2022-03-28T13:10:59+00:00","article_modified_time":"2022-03-30T21:11:13+00:00","twitter_card":"summary_large_image","twitter_misc":{"Written by":"Arthur Zarpelon","Est. reading time":"8 Minuten"},"schema":{"@context":"https:\/\/schema.org","@graph":[{"@type":"Organization","@id":"https:\/\/hillsong.com\/brazil\/no\/#organization","name":"Hillsong Church Brasil","url":"https:\/\/hillsong.com\/brazil\/no\/","sameAs":[],"logo":{"@type":"ImageObject","inLanguage":"de-DE","@id":"https:\/\/hillsong.com\/brazil\/no\/#\/schema\/logo\/image\/","url":"https:\/\/cdn.hillsong.com\/wp-content\/uploads\/sites\/36\/2025\/08\/31011329\/hsp-logo-bk-outline.png","contentUrl":"https:\/\/cdn.hillsong.com\/wp-content\/uploads\/sites\/36\/2025\/08\/31011329\/hsp-logo-bk-outline.png","width":600,"height":600,"caption":"Hillsong Church Brasil"},"image":{"@id":"https:\/\/hillsong.com\/brazil\/no\/#\/schema\/logo\/image\/"}},{"@type":"WebSite","@id":"https:\/\/hillsong.com\/brazil\/no\/#website","url":"https:\/\/hillsong.com\/brazil\/no\/","name":"Brazil","description":"","publisher":{"@id":"https:\/\/hillsong.com\/brazil\/no\/#organization"},"potentialAction":[{"@type":"SearchAction","target":{"@type":"EntryPoint","urlTemplate":"https:\/\/hillsong.com\/brazil\/no\/?s={search_term_string}"},"query-input":"required name=search_term_string"}],"inLanguage":"de-DE"},{"@type":"WebPage","@id":"https:\/\/hillsong.com\/brazil\/blog\/2022\/03\/dia-2-superando-nossos-traumas\/#webpage","url":"https:\/\/hillsong.com\/brazil\/blog\/2022\/03\/dia-2-superando-nossos-traumas\/","name":"[:en]Dia 2 \u2013 Superando nossos traumas[:pb]Dia 2 \u2013 Superando nossos traumas[:] | Brazil","isPartOf":{"@id":"https:\/\/hillsong.com\/brazil\/no\/#website"},"datePublished":"2022-03-28T13:10:59+00:00","dateModified":"2022-03-30T21:11:13+00:00","breadcrumb":{"@id":"https:\/\/hillsong.com\/brazil\/blog\/2022\/03\/dia-2-superando-nossos-traumas\/#breadcrumb"},"inLanguage":"de-DE","potentialAction":[{"@type":"ReadAction","target":["https:\/\/hillsong.com\/brazil\/blog\/2022\/03\/dia-2-superando-nossos-traumas\/"]}]},{"@type":"BreadcrumbList","@id":"https:\/\/hillsong.com\/brazil\/blog\/2022\/03\/dia-2-superando-nossos-traumas\/#breadcrumb","itemListElement":[{"@type":"ListItem","position":1,"name":"Home","item":"https:\/\/hillsong.com\/brazil\/no\/"},{"@type":"ListItem","position":2,"name":"Dia 2 \u2013 Superando nossos traumas"}]},{"@type":"Article","@id":"https:\/\/hillsong.com\/brazil\/blog\/2022\/03\/dia-2-superando-nossos-traumas\/#article","isPartOf":{"@id":"https:\/\/hillsong.com\/brazil\/blog\/2022\/03\/dia-2-superando-nossos-traumas\/#webpage"},"author":{"@id":"https:\/\/hillsong.com\/brazil\/no\/#\/schema\/person\/ccf8274a6836227f96f928909590a539"},"headline":"Dia 2 \u2013 Superando nossos traumas","datePublished":"2022-03-28T13:10:59+00:00","dateModified":"2022-03-30T21:11:13+00:00","mainEntityOfPage":{"@id":"https:\/\/hillsong.com\/brazil\/blog\/2022\/03\/dia-2-superando-nossos-traumas\/#webpage"},"wordCount":1514,"commentCount":0,"publisher":{"@id":"https:\/\/hillsong.com\/brazil\/no\/#organization"},"articleSection":["Blog","Devocional","Sao Paulo"],"inLanguage":"de-DE","potentialAction":[{"@type":"CommentAction","name":"Comment","target":["https:\/\/hillsong.com\/brazil\/blog\/2022\/03\/dia-2-superando-nossos-traumas\/#respond"]}]},{"@type":"Person","@id":"https:\/\/hillsong.com\/brazil\/no\/#\/schema\/person\/ccf8274a6836227f96f928909590a539","name":"Arthur Zarpelon","image":{"@type":"ImageObject","inLanguage":"de-DE","@id":"https:\/\/hillsong.com\/brazil\/no\/#\/schema\/person\/image\/","url":"https:\/\/secure.gravatar.com\/avatar\/aabd2463ff89763f2f8db4d6d0ce376f?s=96&d=mm&r=g","contentUrl":"https:\/\/secure.gravatar.com\/avatar\/aabd2463ff89763f2f8db4d6d0ce376f?s=96&d=mm&r=g","caption":"Arthur Zarpelon"},"url":"https:\/\/hillsong.com\/brazil\/de\/author\/arthurzarpelon\/"}]}},"_links":{"self":[{"href":"https:\/\/hillsong.com\/brazil\/de\/wp-json\/wp\/v2\/posts\/635558"}],"collection":[{"href":"https:\/\/hillsong.com\/brazil\/de\/wp-json\/wp\/v2\/posts"}],"about":[{"href":"https:\/\/hillsong.com\/brazil\/de\/wp-json\/wp\/v2\/types\/post"}],"author":[{"embeddable":true,"href":"https:\/\/hillsong.com\/brazil\/de\/wp-json\/wp\/v2\/users\/54117"}],"replies":[{"embeddable":true,"href":"https:\/\/hillsong.com\/brazil\/de\/wp-json\/wp\/v2\/comments?post=635558"}],"version-history":[{"count":2,"href":"https:\/\/hillsong.com\/brazil\/de\/wp-json\/wp\/v2\/posts\/635558\/revisions"}],"predecessor-version":[{"id":635570,"href":"https:\/\/hillsong.com\/brazil\/de\/wp-json\/wp\/v2\/posts\/635558\/revisions\/635570"}],"wp:attachment":[{"href":"https:\/\/hillsong.com\/brazil\/de\/wp-json\/wp\/v2\/media?parent=635558"}],"wp:term":[{"taxonomy":"category","embeddable":true,"href":"https:\/\/hillsong.com\/brazil\/de\/wp-json\/wp\/v2\/categories?post=635558"},{"taxonomy":"post_tag","embeddable":true,"href":"https:\/\/hillsong.com\/brazil\/de\/wp-json\/wp\/v2\/tags?post=635558"}],"curies":[{"name":"wp","href":"https:\/\/api.w.org\/{rel}","templated":true}]}}