{"id":636492,"date":"2022-11-07T00:08:35","date_gmt":"2022-11-07T03:08:35","guid":{"rendered":"https:\/\/hillsong.com\/brazil\/?p=636492"},"modified":"2022-11-07T00:09:40","modified_gmt":"2022-11-07T03:09:40","slug":"dia-1-deus-semeia-visao-em-nos","status":"publish","type":"post","link":"https:\/\/hillsong.com\/brazil\/es\/blog\/2022\/11\/dia-1-deus-semeia-visao-em-nos\/","title":{"rendered":"Dia 1: Deus semeia vis\u00e3o em n\u00f3s"},"content":{"rendered":"<p class=\"qtranxs-available-languages-message qtranxs-available-languages-message-es\">Disculpa, pero esta entrada est\u00e1 disponible s\u00f3lo en <a href=\"https:\/\/hillsong.com\/brazil\/en\/wp-json\/wp\/v2\/posts\/636492\/\" class=\"qtranxs-available-language-link qtranxs-available-language-link-en\" title=\"English\">Ingl\u00e9s Estadounidense<\/a> y <a href=\"https:\/\/hillsong.com\/brazil\/pb\/wp-json\/wp\/v2\/posts\/636492\/\" class=\"qtranxs-available-language-link qtranxs-available-language-link-pb\" title=\"Portugu\u00eas do Brasil\">Portugu\u00e9s De Brasil<\/a>.<\/p><p><em>\u201cEm primeiro lugar, recomendo que sejam feitas peti\u00e7\u00f5es, ora\u00e7\u00f5es, intercess\u00f5es e a\u00e7\u00f5es de gra\u00e7a em favor de todos, em favor dos reis e de todos que exercem autoridade, para que tenhamos uma vida pac\u00edfica e tranquila, caracterizada por devo\u00e7\u00e3o e dignidade. Isso \u00e9 bom e agrada a Deus, nosso Salvador, cujo desejo \u00e9 que todos sejam salvos e conhe\u00e7am a verdade. Pois:<\/em><\/p>\n<p><em>H\u00e1 um s\u00f3 Deus e um s\u00f3 Mediador entre Deus e a humanidade:<\/em><br \/>\n<em>o homem Cristo Jesus.<\/em><br \/>\n<em>Ele deu sua vida para comprar<\/em><br \/>\n<em>a liberdade de todos.<\/em><\/p>\n<p><em>Essa \u00e9 a mensagem que foi entregue ao mundo no momento oportuno.\u201d<\/em><br \/>\n<strong>1 Timoteo 2:1-6 (NTV)<\/strong><\/p>\n<p><em>\u201cBusque no Senhor a sua alegria, e ele lhe dar\u00e1 os desejos de seu cora\u00e7\u00e3o.\u201d<\/em><br \/>\n<strong>Salmo 37:4 (NTV)<\/strong><\/p>\n<p><em>\u201cDepois disso, ouvi a voz do Senhor, que dizia: A quem enviarei, e quem h\u00e1 de ir por n\u00f3s? Ent\u00e3o, disse eu: eis-me aqui, envia-me a mim.\u201d<\/em><br \/>\n<strong>Isa\u00edas 6:8 (ARC)<\/strong><\/p>\n<p>&nbsp;<\/p>\n<p>O Cora\u00e7\u00e3o pela Casa \u00e9 uma \u00e9poca muito especial na vida da nossa igreja. \u00c9 um momento em que, todos os anos, nos focamos e nos enchemos de f\u00e9 e de expectativa pelo futuro que Deus tem para n\u00f3s como igreja. Bem-vindos a este devocional, no qual estaremos unidos durante 21 dias. Obrigado por fazer parte! Confio que ser\u00e1 uma ben\u00e7\u00e3o para a sua vida.<\/p>\n<p>Deus tem dois desejos. Voc\u00ea j\u00e1 pensou sobre isso alguma vez? Muitas vezes lemos passagens como o Salmo 37:4 e amamos pensar que Deus vai cumprir os desejos do nosso cora\u00e7\u00e3o. Mas voc\u00ea j\u00e1 considerou alguma vez os desejos do cora\u00e7\u00e3o de Deus? Sabemos o que o cora\u00e7\u00e3o de Deus anseia? A passagem de 1 Tim\u00f3teo de hoje nos revela um pouco do cora\u00e7\u00e3o de Deus. Ele quer que todos sejam salvos e conhe\u00e7am a verdade. Ele deseja trazer liberdade a toda a humanidade. O Evangelho \u00e9 para todos. Deus quer que todos conhe\u00e7amos a salva\u00e7\u00e3o.<\/p>\n<p>Como igreja, temos que estar focados naquilo que Deus ama: as pessoas. E n\u00e3o somente nas pessoas que fazem parte da nossa comunidade de f\u00e9, mas tamb\u00e9m naquelas que ainda n\u00e3o O conhecem. Nossa vis\u00e3o, como igreja, tem que estar baseada no desejo de Deus: que todos sejam salvos. O Evangelho nos obriga a sair da nossa zona de conforto e levar a mensagem para todo o mundo.<\/p>\n<p>Deus tem um desejo, uma vis\u00e3o, um cora\u00e7\u00e3o pelo mundo, e Ele est\u00e1 buscando pessoas que queiram trabalhar com Ele. Pessoas que digam como Isa\u00edas: &#8220;Eis-me aqui, Senhor, envia-me a mim&#8221;. Pessoas que, de maneira constante, levantem a m\u00e3o e digam: &#8220;Senhor, quero ser parte do Teu plano para a humanidade&#8221;. Voc\u00ea \u00e9 uma dessas pessoas que quer ser parte daquilo que Deus est\u00e1 fazendo nesta gera\u00e7\u00e3o? Voc\u00ea vai deixar que Deus semeie Sua vis\u00e3o em voc\u00ea?<\/p>\n<p>Seja atrav\u00e9s de p\u00e9s que v\u00e3o adiante, joelhos que oram ou m\u00e3os que contribuem, eu serei parte daquilo que Deus deseja: salvar o mundo.<\/p>\n<p>&nbsp;<\/p>\n<p><strong>Ora\u00e7\u00e3o:<\/strong> Senhor, obrigado por semear Tua vis\u00e3o em mim. Obrigado por permitir que eu conhe\u00e7a Teu cora\u00e7\u00e3o e Teus desejos. Quero ser parte do Teu plano para salvar a humanidade. Ajuda-me a focar em amar as pessoas assim como Tu as ama e a agir para que elas possam Te conhecer. Am\u00e9m.<\/p>\n<p>&nbsp;<\/p>\n<p><iframe loading=\"lazy\" width=\"560\" height=\"315\" src=\"https:\/\/www.youtube.com\/embed\/o0LG8dAKy04\" title=\"YouTube video player\" frameborder=\"0\" allow=\"accelerometer; autoplay; clipboard-write; encrypted-media; gyroscope; picture-in-picture\" allowfullscreen><\/iframe><\/p>","protected":false},"excerpt":{"rendered":"<p class=\"qtranxs-available-languages-message qtranxs-available-languages-message-es\">Disculpa, pero esta entrada est\u00e1 disponible s\u00f3lo en <a href=\"https:\/\/hillsong.com\/brazil\/en\/wp-json\/wp\/v2\/posts\/636492\/\" class=\"qtranxs-available-language-link qtranxs-available-language-link-en\" title=\"English\">Ingl\u00e9s Estadounidense<\/a> y <a href=\"https:\/\/hillsong.com\/brazil\/pb\/wp-json\/wp\/v2\/posts\/636492\/\" class=\"qtranxs-available-language-link qtranxs-available-language-link-pb\" title=\"Portugu\u00eas do Brasil\">Portugu\u00e9s De Brasil<\/a>.<\/p>\n<p>Como igreja, temos que estar focados naquilo que Deus ama: as pessoas.<\/p>\n","protected":false},"author":54117,"featured_media":0,"comment_status":"open","ping_status":"open","sticky":false,"template":"","format":"standard","meta":{"footnotes":""},"categories":[15482,15053],"tags":[],"acf":[],"yoast_head":"<!-- This site is optimized with the Yoast SEO plugin v18.9 - https:\/\/yoast.com\/wordpress\/plugins\/seo\/ -->\n<title><\/title>\n<meta name=\"robots\" content=\"index, follow, max-snippet:-1, max-image-preview:large, max-video-preview:-1\" \/>\n<link rel=\"canonical\" href=\"https:\/\/hillsong.com\/brazil\/ja\/blog\/2022\/11\/dia-1-deus-semeia-visao-em-nos\/\" \/>\n<meta property=\"og:locale\" content=\"es_ES\" \/>\n<meta property=\"og:type\" content=\"article\" \/>\n<meta property=\"og:title\" content=\"[:en]Dia 1: Deus semeia vis\u00e3o em n\u00f3s[:pb]Dia 1: Deus semeia vis\u00e3o em n\u00f3s[:] | Brazil\" \/>\n<meta property=\"og:description\" content=\"[:en]Como igreja, temos que estar focados naquilo que Deus ama: as pessoas.[:pb]Como igreja, temos que estar focados naquilo que Deus ama: as pessoas.[:]\" \/>\n<meta property=\"og:url\" content=\"https:\/\/hillsong.com\/brazil\/ja\/blog\/2022\/11\/dia-1-deus-semeia-visao-em-nos\/\" \/>\n<meta property=\"og:site_name\" content=\"Brazil\" \/>\n<meta property=\"article:published_time\" content=\"2022-11-07T03:08:35+00:00\" \/>\n<meta property=\"article:modified_time\" content=\"2022-11-07T03:09:40+00:00\" \/>\n<meta name=\"twitter:card\" content=\"summary_large_image\" \/>\n<meta name=\"twitter:label1\" content=\"Written by\" \/>\n\t<meta name=\"twitter:data1\" content=\"Arthur Zarpelon\" \/>\n\t<meta name=\"twitter:label2\" content=\"Est. reading time\" \/>\n\t<meta name=\"twitter:data2\" content=\"6 minutes\" \/>\n<script type=\"application\/ld+json\" class=\"yoast-schema-graph\">{\"@context\":\"https:\/\/schema.org\",\"@graph\":[{\"@type\":\"Organization\",\"@id\":\"https:\/\/hillsong.com\/brazil\/no\/#organization\",\"name\":\"Hillsong Church Brasil\",\"url\":\"https:\/\/hillsong.com\/brazil\/no\/\",\"sameAs\":[],\"logo\":{\"@type\":\"ImageObject\",\"inLanguage\":\"es-ES\",\"@id\":\"https:\/\/hillsong.com\/brazil\/no\/#\/schema\/logo\/image\/\",\"url\":\"https:\/\/cdn.hillsong.com\/wp-content\/uploads\/sites\/36\/2025\/08\/31011329\/hsp-logo-bk-outline.png\",\"contentUrl\":\"https:\/\/cdn.hillsong.com\/wp-content\/uploads\/sites\/36\/2025\/08\/31011329\/hsp-logo-bk-outline.png\",\"width\":600,\"height\":600,\"caption\":\"Hillsong Church Brasil\"},\"image\":{\"@id\":\"https:\/\/hillsong.com\/brazil\/no\/#\/schema\/logo\/image\/\"}},{\"@type\":\"WebSite\",\"@id\":\"https:\/\/hillsong.com\/brazil\/no\/#website\",\"url\":\"https:\/\/hillsong.com\/brazil\/no\/\",\"name\":\"Brazil\",\"description\":\"\",\"publisher\":{\"@id\":\"https:\/\/hillsong.com\/brazil\/no\/#organization\"},\"potentialAction\":[{\"@type\":\"SearchAction\",\"target\":{\"@type\":\"EntryPoint\",\"urlTemplate\":\"https:\/\/hillsong.com\/brazil\/no\/?s={search_term_string}\"},\"query-input\":\"required name=search_term_string\"}],\"inLanguage\":\"es-ES\"},{\"@type\":\"WebPage\",\"@id\":\"https:\/\/hillsong.com\/brazil\/ja\/blog\/2022\/11\/dia-1-deus-semeia-visao-em-nos\/#webpage\",\"url\":\"https:\/\/hillsong.com\/brazil\/ja\/blog\/2022\/11\/dia-1-deus-semeia-visao-em-nos\/\",\"name\":\"[:en]Dia 1: Deus semeia vis\u00e3o em n\u00f3s[:pb]Dia 1: Deus semeia vis\u00e3o em n\u00f3s[:] | Brazil\",\"isPartOf\":{\"@id\":\"https:\/\/hillsong.com\/brazil\/no\/#website\"},\"datePublished\":\"2022-11-07T03:08:35+00:00\",\"dateModified\":\"2022-11-07T03:09:40+00:00\",\"breadcrumb\":{\"@id\":\"https:\/\/hillsong.com\/brazil\/ja\/blog\/2022\/11\/dia-1-deus-semeia-visao-em-nos\/#breadcrumb\"},\"inLanguage\":\"es-ES\",\"potentialAction\":[{\"@type\":\"ReadAction\",\"target\":[\"https:\/\/hillsong.com\/brazil\/ja\/blog\/2022\/11\/dia-1-deus-semeia-visao-em-nos\/\"]}]},{\"@type\":\"BreadcrumbList\",\"@id\":\"https:\/\/hillsong.com\/brazil\/ja\/blog\/2022\/11\/dia-1-deus-semeia-visao-em-nos\/#breadcrumb\",\"itemListElement\":[{\"@type\":\"ListItem\",\"position\":1,\"name\":\"Home\",\"item\":\"https:\/\/hillsong.com\/brazil\/no\/\"},{\"@type\":\"ListItem\",\"position\":2,\"name\":\"Dia 1: Deus semeia vis\u00e3o em n\u00f3s\"}]},{\"@type\":\"Article\",\"@id\":\"https:\/\/hillsong.com\/brazil\/ja\/blog\/2022\/11\/dia-1-deus-semeia-visao-em-nos\/#article\",\"isPartOf\":{\"@id\":\"https:\/\/hillsong.com\/brazil\/ja\/blog\/2022\/11\/dia-1-deus-semeia-visao-em-nos\/#webpage\"},\"author\":{\"@id\":\"https:\/\/hillsong.com\/brazil\/no\/#\/schema\/person\/ccf8274a6836227f96f928909590a539\"},\"headline\":\"Dia 1: Deus semeia vis\u00e3o em n\u00f3s\",\"datePublished\":\"2022-11-07T03:08:35+00:00\",\"dateModified\":\"2022-11-07T03:09:40+00:00\",\"mainEntityOfPage\":{\"@id\":\"https:\/\/hillsong.com\/brazil\/ja\/blog\/2022\/11\/dia-1-deus-semeia-visao-em-nos\/#webpage\"},\"wordCount\":1154,\"commentCount\":0,\"publisher\":{\"@id\":\"https:\/\/hillsong.com\/brazil\/no\/#organization\"},\"articleSection\":[\"Cora\u00e7\u00e3o Pela Casa 2022\",\"Sao Paulo\"],\"inLanguage\":\"es-ES\",\"potentialAction\":[{\"@type\":\"CommentAction\",\"name\":\"Comment\",\"target\":[\"https:\/\/hillsong.com\/brazil\/ja\/blog\/2022\/11\/dia-1-deus-semeia-visao-em-nos\/#respond\"]}]},{\"@type\":\"Person\",\"@id\":\"https:\/\/hillsong.com\/brazil\/no\/#\/schema\/person\/ccf8274a6836227f96f928909590a539\",\"name\":\"Arthur Zarpelon\",\"image\":{\"@type\":\"ImageObject\",\"inLanguage\":\"es-ES\",\"@id\":\"https:\/\/hillsong.com\/brazil\/no\/#\/schema\/person\/image\/\",\"url\":\"https:\/\/secure.gravatar.com\/avatar\/aabd2463ff89763f2f8db4d6d0ce376f?s=96&d=mm&r=g\",\"contentUrl\":\"https:\/\/secure.gravatar.com\/avatar\/aabd2463ff89763f2f8db4d6d0ce376f?s=96&d=mm&r=g\",\"caption\":\"Arthur Zarpelon\"},\"url\":\"https:\/\/hillsong.com\/brazil\/es\/author\/arthurzarpelon\/\"}]}<\/script>\n<!-- \/ Yoast SEO plugin. -->","yoast_head_json":{"title":"[:en]Dia 1: Deus semeia vis\u00e3o em n\u00f3s[:pb]Dia 1: Deus semeia vis\u00e3o em n\u00f3s[:] | Brazil","robots":{"index":"index","follow":"follow","max-snippet":"max-snippet:-1","max-image-preview":"max-image-preview:large","max-video-preview":"max-video-preview:-1"},"canonical":"https:\/\/hillsong.com\/brazil\/ja\/blog\/2022\/11\/dia-1-deus-semeia-visao-em-nos\/","og_locale":"es_ES","og_type":"article","og_title":"[:en]Dia 1: Deus semeia vis\u00e3o em n\u00f3s[:pb]Dia 1: Deus semeia vis\u00e3o em n\u00f3s[:] | Brazil","og_description":"[:en]Como igreja, temos que estar focados naquilo que Deus ama: as pessoas.[:pb]Como igreja, temos que estar focados naquilo que Deus ama: as pessoas.[:]","og_url":"https:\/\/hillsong.com\/brazil\/ja\/blog\/2022\/11\/dia-1-deus-semeia-visao-em-nos\/","og_site_name":"Brazil","article_published_time":"2022-11-07T03:08:35+00:00","article_modified_time":"2022-11-07T03:09:40+00:00","twitter_card":"summary_large_image","twitter_misc":{"Written by":"Arthur Zarpelon","Est. reading time":"6 minutes"},"schema":{"@context":"https:\/\/schema.org","@graph":[{"@type":"Organization","@id":"https:\/\/hillsong.com\/brazil\/no\/#organization","name":"Hillsong Church Brasil","url":"https:\/\/hillsong.com\/brazil\/no\/","sameAs":[],"logo":{"@type":"ImageObject","inLanguage":"es-ES","@id":"https:\/\/hillsong.com\/brazil\/no\/#\/schema\/logo\/image\/","url":"https:\/\/cdn.hillsong.com\/wp-content\/uploads\/sites\/36\/2025\/08\/31011329\/hsp-logo-bk-outline.png","contentUrl":"https:\/\/cdn.hillsong.com\/wp-content\/uploads\/sites\/36\/2025\/08\/31011329\/hsp-logo-bk-outline.png","width":600,"height":600,"caption":"Hillsong Church Brasil"},"image":{"@id":"https:\/\/hillsong.com\/brazil\/no\/#\/schema\/logo\/image\/"}},{"@type":"WebSite","@id":"https:\/\/hillsong.com\/brazil\/no\/#website","url":"https:\/\/hillsong.com\/brazil\/no\/","name":"Brazil","description":"","publisher":{"@id":"https:\/\/hillsong.com\/brazil\/no\/#organization"},"potentialAction":[{"@type":"SearchAction","target":{"@type":"EntryPoint","urlTemplate":"https:\/\/hillsong.com\/brazil\/no\/?s={search_term_string}"},"query-input":"required name=search_term_string"}],"inLanguage":"es-ES"},{"@type":"WebPage","@id":"https:\/\/hillsong.com\/brazil\/ja\/blog\/2022\/11\/dia-1-deus-semeia-visao-em-nos\/#webpage","url":"https:\/\/hillsong.com\/brazil\/ja\/blog\/2022\/11\/dia-1-deus-semeia-visao-em-nos\/","name":"[:en]Dia 1: Deus semeia vis\u00e3o em n\u00f3s[:pb]Dia 1: Deus semeia vis\u00e3o em n\u00f3s[:] | Brazil","isPartOf":{"@id":"https:\/\/hillsong.com\/brazil\/no\/#website"},"datePublished":"2022-11-07T03:08:35+00:00","dateModified":"2022-11-07T03:09:40+00:00","breadcrumb":{"@id":"https:\/\/hillsong.com\/brazil\/ja\/blog\/2022\/11\/dia-1-deus-semeia-visao-em-nos\/#breadcrumb"},"inLanguage":"es-ES","potentialAction":[{"@type":"ReadAction","target":["https:\/\/hillsong.com\/brazil\/ja\/blog\/2022\/11\/dia-1-deus-semeia-visao-em-nos\/"]}]},{"@type":"BreadcrumbList","@id":"https:\/\/hillsong.com\/brazil\/ja\/blog\/2022\/11\/dia-1-deus-semeia-visao-em-nos\/#breadcrumb","itemListElement":[{"@type":"ListItem","position":1,"name":"Home","item":"https:\/\/hillsong.com\/brazil\/no\/"},{"@type":"ListItem","position":2,"name":"Dia 1: Deus semeia vis\u00e3o em n\u00f3s"}]},{"@type":"Article","@id":"https:\/\/hillsong.com\/brazil\/ja\/blog\/2022\/11\/dia-1-deus-semeia-visao-em-nos\/#article","isPartOf":{"@id":"https:\/\/hillsong.com\/brazil\/ja\/blog\/2022\/11\/dia-1-deus-semeia-visao-em-nos\/#webpage"},"author":{"@id":"https:\/\/hillsong.com\/brazil\/no\/#\/schema\/person\/ccf8274a6836227f96f928909590a539"},"headline":"Dia 1: Deus semeia vis\u00e3o em n\u00f3s","datePublished":"2022-11-07T03:08:35+00:00","dateModified":"2022-11-07T03:09:40+00:00","mainEntityOfPage":{"@id":"https:\/\/hillsong.com\/brazil\/ja\/blog\/2022\/11\/dia-1-deus-semeia-visao-em-nos\/#webpage"},"wordCount":1154,"commentCount":0,"publisher":{"@id":"https:\/\/hillsong.com\/brazil\/no\/#organization"},"articleSection":["Cora\u00e7\u00e3o Pela Casa 2022","Sao Paulo"],"inLanguage":"es-ES","potentialAction":[{"@type":"CommentAction","name":"Comment","target":["https:\/\/hillsong.com\/brazil\/ja\/blog\/2022\/11\/dia-1-deus-semeia-visao-em-nos\/#respond"]}]},{"@type":"Person","@id":"https:\/\/hillsong.com\/brazil\/no\/#\/schema\/person\/ccf8274a6836227f96f928909590a539","name":"Arthur Zarpelon","image":{"@type":"ImageObject","inLanguage":"es-ES","@id":"https:\/\/hillsong.com\/brazil\/no\/#\/schema\/person\/image\/","url":"https:\/\/secure.gravatar.com\/avatar\/aabd2463ff89763f2f8db4d6d0ce376f?s=96&d=mm&r=g","contentUrl":"https:\/\/secure.gravatar.com\/avatar\/aabd2463ff89763f2f8db4d6d0ce376f?s=96&d=mm&r=g","caption":"Arthur Zarpelon"},"url":"https:\/\/hillsong.com\/brazil\/es\/author\/arthurzarpelon\/"}]}},"_links":{"self":[{"href":"https:\/\/hillsong.com\/brazil\/es\/wp-json\/wp\/v2\/posts\/636492"}],"collection":[{"href":"https:\/\/hillsong.com\/brazil\/es\/wp-json\/wp\/v2\/posts"}],"about":[{"href":"https:\/\/hillsong.com\/brazil\/es\/wp-json\/wp\/v2\/types\/post"}],"author":[{"embeddable":true,"href":"https:\/\/hillsong.com\/brazil\/es\/wp-json\/wp\/v2\/users\/54117"}],"replies":[{"embeddable":true,"href":"https:\/\/hillsong.com\/brazil\/es\/wp-json\/wp\/v2\/comments?post=636492"}],"version-history":[{"count":3,"href":"https:\/\/hillsong.com\/brazil\/es\/wp-json\/wp\/v2\/posts\/636492\/revisions"}],"predecessor-version":[{"id":636540,"href":"https:\/\/hillsong.com\/brazil\/es\/wp-json\/wp\/v2\/posts\/636492\/revisions\/636540"}],"wp:attachment":[{"href":"https:\/\/hillsong.com\/brazil\/es\/wp-json\/wp\/v2\/media?parent=636492"}],"wp:term":[{"taxonomy":"category","embeddable":true,"href":"https:\/\/hillsong.com\/brazil\/es\/wp-json\/wp\/v2\/categories?post=636492"},{"taxonomy":"post_tag","embeddable":true,"href":"https:\/\/hillsong.com\/brazil\/es\/wp-json\/wp\/v2\/tags?post=636492"}],"curies":[{"name":"wp","href":"https:\/\/api.w.org\/{rel}","templated":true}]}}