{"id":635562,"date":"2022-03-28T10:20:50","date_gmt":"2022-03-28T13:20:50","guid":{"rendered":"https:\/\/hillsong.com\/brazil\/?p=635562"},"modified":"2022-03-30T18:12:09","modified_gmt":"2022-03-30T21:12:09","slug":"dia-3-superando-nossos-medos","status":"publish","type":"post","link":"https:\/\/hillsong.com\/brazil\/it\/blog\/2022\/03\/dia-3-superando-nossos-medos\/","title":{"rendered":"Dia 3 \u2013 Superando nossos medos"},"content":{"rendered":"<p class=\"qtranxs-available-languages-message qtranxs-available-languages-message-it\">Ci spiace, ma questo articolo \u00e8 disponibile soltanto in <a href=\"https:\/\/hillsong.com\/brazil\/en\/wp-json\/wp\/v2\/posts\/635562\/\" class=\"qtranxs-available-language-link qtranxs-available-language-link-en\" title=\"English\">Inglese Americano<\/a> e <a href=\"https:\/\/hillsong.com\/brazil\/pb\/wp-json\/wp\/v2\/posts\/635562\/\" class=\"qtranxs-available-language-link qtranxs-available-language-link-pb\" title=\"Portugu\u00eas do Brasil\">Portoghese Brasiliano<\/a>.<\/p><p><em>Por isso n\u00e3o tema, pois estou com voc\u00ea; n\u00e3o tenha medo, pois sou o seu Deus. Eu o fortalecerei e o ajudarei; Eu o segurarei com a minha m\u00e3o direita vitoriosa.<\/em><br \/>\n<em>&#8220;Todos os que o odeiam certamente ser\u00e3o humilhados e constrangidos; aqueles que se op\u00f5em a voc\u00ea ser\u00e3o como nada e perecer\u00e3o.<\/em><br \/>\n<em>Embora procure os seus inimigos, voc\u00ea n\u00e3o os encontrar\u00e1. Os que guerreiam contra voc\u00ea ser\u00e3o reduzidos a nada.<\/em><br \/>\n<em>Pois eu sou o Senhor, o seu Deus, que o segura pela m\u00e3o direita e lhe diz: N\u00e3o tema; eu o ajudarei.<\/em><br \/>\n<em>N\u00e3o tenha medo, \u00f3 verme Jac\u00f3, \u00f3 pequeno Israel, pois eu mesmo o ajudarei&#8221;, declara o Senhor, seu Redentor, o Santo de Israel.<\/em><br \/>\n<b>Isa\u00edas 41:10-14<\/b><\/p>\n<p><em>N\u00e3o deixe de falar as palavras deste Livro da Lei e de meditar nelas de dia e de noite, para que voc\u00ea cumpra fielmente tudo o que nele est\u00e1 escrito. S\u00f3 ent\u00e3o os seus caminhos prosperar\u00e3o e voc\u00ea ser\u00e1 bem sucedido.<\/em><br \/>\n<em>N\u00e3o fui eu que lhe ordenei? Seja forte e corajoso! N\u00e3o se apavore, nem se desanime, pois o Senhor, o seu Deus, estar\u00e1 com voc\u00ea por onde voc\u00ea andar&#8221;.<\/em><br \/>\n<b>Josu\u00e9 1:8,9<\/b><\/p>\n<p><em>Pois Deus n\u00e3o nos deu esp\u00edrito de covardia, mas de poder, de amor e de equil\u00edbrio.<\/em><br \/>\n<b>2 Tim\u00f3teo 1:7<\/b><\/p>\n<p><em>Mas eu, quando estiver com medo,\u00a0<\/em><br \/>\n<em>confiarei em ti.<\/em><br \/>\n<em>Em Deus, cuja palavra eu louvo,\u00a0<\/em><br \/>\n<em>em Deus eu confio, e n\u00e3o temerei.\u00a0<\/em><br \/>\n<em>Que poder\u00e1 fazer-me o simples mortal?<\/em><br \/>\n<b>Salmos 56:3,4<\/b><\/p>\n<p>&nbsp;<\/p>\n<p>O medo \u00e9 definido como um sentimento de ang\u00fastia causado pela presen\u00e7a de um perigo real ou imagin\u00e1rio.<\/p>\n<p>Esse sentimento \u00e9 real e faz parte de nossas vidas.<\/p>\n<p>O cap\u00edtulo 41 do livro de Isa\u00edas foi escrito durante o tempo de ex\u00edlio do povo de Israel. Esta passagem \u00e9 um lembrete de que, apesar da opress\u00e3o, o povo de Israel n\u00e3o tinha nada a temer.<\/p>\n<p>Eles, naquela \u00e9poca, estavam desconectados de Deus, mas Ele n\u00e3o expulsou seu povo por causa de sua desobedi\u00eancia. Voc\u00ea j\u00e1 sentiu medo, pensando que a face de Deus est\u00e1 longe de voc\u00ea?<\/p>\n<p>Deus disse ao povo de Israel, mesmo nessas circunst\u00e2ncias: &#8220;Eu estou com voc\u00ea para fortalec\u00ea-lo, ajud\u00e1-lo e sustent\u00e1-lo&#8221;. Ele n\u00e3o grita instru\u00e7\u00f5es para n\u00f3s de longe, mas est\u00e1 presente e ao nosso lado em meio \u00e0s prova\u00e7\u00f5es. O nosso Deus est\u00e1 perto, n\u00e3o nos abandona.<\/p>\n<p>Vamos pensar que o medo e a f\u00e9 produzem emo\u00e7\u00f5es muito semelhantes. Enquanto que o medo diz, com um tom de d\u00favida: \u201cO que vai acontecer se eu der esse passo?\u201dA f\u00e9 pergunta o mesmo, mas com um tom de expectativa, esperan\u00e7a, alegria e valentia, crendo no que Deus pode fazer.<\/p>\n<p>Sentir medo n\u00e3o \u00e9 ruim, nos torna humanos. O problema \u00e9 nos deixarmos dominar por ele, permitir que ele nos paralise e nos impe\u00e7a de avan\u00e7ar.<\/p>\n<p>Como superar nossos medos?<\/p>\n<p><b>Saber a quem pertencemos<br \/>\n<\/b>Josu\u00e9 1:8-9 diz: &#8220;N\u00e3o se preocupe porque eu sou o seu Deus&#8221;. Pertencemos a um Deus de amor, gra\u00e7a e miseric\u00f3rdia.<\/p>\n<p>Quando acreditamos erroneamente que nosso Deus est\u00e1 longe, e n\u00e3o o vemos como pai, o medo governa nossa vida, pois temos uma vis\u00e3o distorcida de Deus. Mas quando entendemos que somos seus filhos, nada pode nos limitar.<\/p>\n<p><b>Aplicando a f\u00e9 em todos os momentos<br \/>\n<\/b>Acreditar \u00e9 o ant\u00eddoto para o medo e o temor. Nunca podemos superar o medo sem dar um passo de f\u00e9.<\/p>\n<p>As escrituras est\u00e3o cheias de pessoas medrosas que consistentemente deram passos de f\u00e9, e em todas as circunst\u00e2ncias Deus os lembrou de que ele era seu escudo, sua prote\u00e7\u00e3o e sua ajuda.<\/p>\n<p>Andamos por f\u00e9, n\u00e3o por vista.<\/p>\n<p><b>Mudando padr\u00f5es em nossos pensamentos<br \/>\n<\/b>Quando confrontados com um desafio ou uma oportunidade, nossos pensamentos geralmente ficam no piloto autom\u00e1tico, inclinando-se para o medo ou para a f\u00e9. Se voc\u00ea reconhece que seus pensamentos automaticamente d\u00e3o origem ao medo, \u00e9 hora de mudar essa mentalidade.<\/p>\n<p>N\u00e3o permita que o medo governe seus pensamentos, deixe a palavra de Deus te levar a pensar diferente.<\/p>\n<p><b>Enfrentando nossos medos cara a cara<br \/>\n<\/b>Existem batalhas que n\u00e3o podemos evitar, mas o bom \u00e9 que podemos enfrent\u00e1-las sabendo que Deus est\u00e1 conosco.<\/p>\n<p>O que voc\u00ea est\u00e1 evitando em sua vida que voc\u00ea precisa enfrentar cara a cara?<\/p>\n<p>N\u00e3o te desanimes! Deus te chamou para vencer seus medos, ele te deu a vit\u00f3ria e vai cumprir o que prometeu.<\/p>\n<p><strong>Ora\u00e7\u00e3o:<\/strong> <em>Pai, eu Te agrade\u00e7o porque est\u00e1s comigo em todos os momentos. Ajuda-me a superar o que quer me limitar. D\u00e1-me coragem para enfrentar meus medos cara a cara e renova meus pensamentos para substituir o medo pela f\u00e9. Aumente minha for\u00e7a e levante meus olhos. Em\u00a0 nome de Jesus. Am\u00e9m.<\/em><\/p>","protected":false},"excerpt":{"rendered":"<p class=\"qtranxs-available-languages-message qtranxs-available-languages-message-it\">Ci spiace, ma questo articolo \u00e8 disponibile soltanto in <a href=\"https:\/\/hillsong.com\/brazil\/en\/wp-json\/wp\/v2\/posts\/635562\/\" class=\"qtranxs-available-language-link qtranxs-available-language-link-en\" title=\"English\">Inglese Americano<\/a> e <a href=\"https:\/\/hillsong.com\/brazil\/pb\/wp-json\/wp\/v2\/posts\/635562\/\" class=\"qtranxs-available-language-link qtranxs-available-language-link-pb\" title=\"Portugu\u00eas do Brasil\">Portoghese Brasiliano<\/a>.<\/p>\n<p>O medo e a f\u00e9 produzem emo\u00e7\u00f5es muito semelhantes. Enquanto que o medo diz, com um tom de d\u00favida: \u2018O que vai acontecer se eu der esse passo?\u2019, a f\u00e9 pergunta o mesmo, mas com um tom de expectativa, esperan\u00e7a, alegria e valentia, crendo no que Deus pode fazer.<br \/>\nSentir medo n\u00e3o \u00e9 ruim, nos torna humanos. O problema \u00e9 nos deixarmos dominar por ele, permitir que ele nos paralise e nos impe\u00e7a de avan\u00e7ar.<\/p>\n","protected":false},"author":54117,"featured_media":0,"comment_status":"open","ping_status":"open","sticky":false,"template":"","format":"standard","meta":{"footnotes":""},"categories":[15054,15055,15053],"tags":[],"acf":[],"yoast_head":"<!-- This site is optimized with the Yoast SEO plugin v18.9 - https:\/\/yoast.com\/wordpress\/plugins\/seo\/ -->\n<title><\/title>\n<meta name=\"robots\" content=\"index, follow, max-snippet:-1, max-image-preview:large, max-video-preview:-1\" \/>\n<link rel=\"canonical\" href=\"https:\/\/hillsong.com\/brazil\/ja\/blog\/2022\/03\/dia-3-superando-nossos-medos\/\" \/>\n<meta property=\"og:locale\" content=\"it_IT\" \/>\n<meta property=\"og:type\" content=\"article\" \/>\n<meta property=\"og:title\" content=\"[:en]Dia 3 \u2013 Superando nossos medos[:pb]Dia 3 \u2013 Superando nossos medos[:] | Brazil\" \/>\n<meta property=\"og:description\" content=\"[:en]O medo e a f\u00e9 produzem emo\u00e7\u00f5es muito semelhantes. Enquanto que o medo diz, com um tom de d\u00favida: \u2018O que vai acontecer se eu der esse passo?\u2019, a f\u00e9 pergunta o mesmo, mas com um tom de expectativa, esperan\u00e7a, alegria e valentia, crendo no que Deus pode fazer. Sentir medo n\u00e3o \u00e9 ruim, nos torna humanos. O problema \u00e9 nos deixarmos dominar por ele, permitir que ele nos paralise e nos impe\u00e7a de avan\u00e7ar.[:pb]O medo e a f\u00e9 produzem emo\u00e7\u00f5es muito semelhantes. Enquanto que o medo diz, com um tom de d\u00favida: \u2018O que vai acontecer se eu der esse passo?\u2019, a f\u00e9 pergunta o mesmo, mas com um tom de expectativa, esperan\u00e7a, alegria e valentia, crendo no que Deus pode fazer. Sentir medo n\u00e3o \u00e9 ruim, nos torna humanos. O problema \u00e9 nos deixarmos dominar por ele, permitir que ele nos paralise e nos impe\u00e7a de avan\u00e7ar.[:]\" \/>\n<meta property=\"og:url\" content=\"https:\/\/hillsong.com\/brazil\/ja\/blog\/2022\/03\/dia-3-superando-nossos-medos\/\" \/>\n<meta property=\"og:site_name\" content=\"Brazil\" \/>\n<meta property=\"article:published_time\" content=\"2022-03-28T13:20:50+00:00\" \/>\n<meta property=\"article:modified_time\" content=\"2022-03-30T21:12:09+00:00\" \/>\n<meta name=\"twitter:card\" content=\"summary_large_image\" \/>\n<meta name=\"twitter:label1\" content=\"Written by\" \/>\n\t<meta name=\"twitter:data1\" content=\"Arthur Zarpelon\" \/>\n\t<meta name=\"twitter:label2\" content=\"Est. reading time\" \/>\n\t<meta name=\"twitter:data2\" content=\"8 minutes\" \/>\n<script type=\"application\/ld+json\" class=\"yoast-schema-graph\">{\"@context\":\"https:\/\/schema.org\",\"@graph\":[{\"@type\":\"Organization\",\"@id\":\"https:\/\/hillsong.com\/brazil\/no\/#organization\",\"name\":\"Hillsong Church Brasil\",\"url\":\"https:\/\/hillsong.com\/brazil\/no\/\",\"sameAs\":[],\"logo\":{\"@type\":\"ImageObject\",\"inLanguage\":\"it-IT\",\"@id\":\"https:\/\/hillsong.com\/brazil\/no\/#\/schema\/logo\/image\/\",\"url\":\"https:\/\/cdn.hillsong.com\/wp-content\/uploads\/sites\/36\/2025\/08\/31011329\/hsp-logo-bk-outline.png\",\"contentUrl\":\"https:\/\/cdn.hillsong.com\/wp-content\/uploads\/sites\/36\/2025\/08\/31011329\/hsp-logo-bk-outline.png\",\"width\":600,\"height\":600,\"caption\":\"Hillsong Church Brasil\"},\"image\":{\"@id\":\"https:\/\/hillsong.com\/brazil\/no\/#\/schema\/logo\/image\/\"}},{\"@type\":\"WebSite\",\"@id\":\"https:\/\/hillsong.com\/brazil\/no\/#website\",\"url\":\"https:\/\/hillsong.com\/brazil\/no\/\",\"name\":\"Brazil\",\"description\":\"\",\"publisher\":{\"@id\":\"https:\/\/hillsong.com\/brazil\/no\/#organization\"},\"potentialAction\":[{\"@type\":\"SearchAction\",\"target\":{\"@type\":\"EntryPoint\",\"urlTemplate\":\"https:\/\/hillsong.com\/brazil\/no\/?s={search_term_string}\"},\"query-input\":\"required name=search_term_string\"}],\"inLanguage\":\"it-IT\"},{\"@type\":\"WebPage\",\"@id\":\"https:\/\/hillsong.com\/brazil\/ja\/blog\/2022\/03\/dia-3-superando-nossos-medos\/#webpage\",\"url\":\"https:\/\/hillsong.com\/brazil\/ja\/blog\/2022\/03\/dia-3-superando-nossos-medos\/\",\"name\":\"[:en]Dia 3 \u2013 Superando nossos medos[:pb]Dia 3 \u2013 Superando nossos medos[:] | Brazil\",\"isPartOf\":{\"@id\":\"https:\/\/hillsong.com\/brazil\/no\/#website\"},\"datePublished\":\"2022-03-28T13:20:50+00:00\",\"dateModified\":\"2022-03-30T21:12:09+00:00\",\"breadcrumb\":{\"@id\":\"https:\/\/hillsong.com\/brazil\/ja\/blog\/2022\/03\/dia-3-superando-nossos-medos\/#breadcrumb\"},\"inLanguage\":\"it-IT\",\"potentialAction\":[{\"@type\":\"ReadAction\",\"target\":[\"https:\/\/hillsong.com\/brazil\/ja\/blog\/2022\/03\/dia-3-superando-nossos-medos\/\"]}]},{\"@type\":\"BreadcrumbList\",\"@id\":\"https:\/\/hillsong.com\/brazil\/ja\/blog\/2022\/03\/dia-3-superando-nossos-medos\/#breadcrumb\",\"itemListElement\":[{\"@type\":\"ListItem\",\"position\":1,\"name\":\"Home\",\"item\":\"https:\/\/hillsong.com\/brazil\/no\/\"},{\"@type\":\"ListItem\",\"position\":2,\"name\":\"Dia 3 \u2013 Superando nossos medos\"}]},{\"@type\":\"Article\",\"@id\":\"https:\/\/hillsong.com\/brazil\/ja\/blog\/2022\/03\/dia-3-superando-nossos-medos\/#article\",\"isPartOf\":{\"@id\":\"https:\/\/hillsong.com\/brazil\/ja\/blog\/2022\/03\/dia-3-superando-nossos-medos\/#webpage\"},\"author\":{\"@id\":\"https:\/\/hillsong.com\/brazil\/no\/#\/schema\/person\/ccf8274a6836227f96f928909590a539\"},\"headline\":\"Dia 3 \u2013 Superando nossos medos\",\"datePublished\":\"2022-03-28T13:20:50+00:00\",\"dateModified\":\"2022-03-30T21:12:09+00:00\",\"mainEntityOfPage\":{\"@id\":\"https:\/\/hillsong.com\/brazil\/ja\/blog\/2022\/03\/dia-3-superando-nossos-medos\/#webpage\"},\"wordCount\":1656,\"commentCount\":0,\"publisher\":{\"@id\":\"https:\/\/hillsong.com\/brazil\/no\/#organization\"},\"articleSection\":[\"Blog\",\"Devocional\",\"Sao Paulo\"],\"inLanguage\":\"it-IT\",\"potentialAction\":[{\"@type\":\"CommentAction\",\"name\":\"Comment\",\"target\":[\"https:\/\/hillsong.com\/brazil\/ja\/blog\/2022\/03\/dia-3-superando-nossos-medos\/#respond\"]}]},{\"@type\":\"Person\",\"@id\":\"https:\/\/hillsong.com\/brazil\/no\/#\/schema\/person\/ccf8274a6836227f96f928909590a539\",\"name\":\"Arthur Zarpelon\",\"image\":{\"@type\":\"ImageObject\",\"inLanguage\":\"it-IT\",\"@id\":\"https:\/\/hillsong.com\/brazil\/no\/#\/schema\/person\/image\/\",\"url\":\"https:\/\/secure.gravatar.com\/avatar\/aabd2463ff89763f2f8db4d6d0ce376f?s=96&d=mm&r=g\",\"contentUrl\":\"https:\/\/secure.gravatar.com\/avatar\/aabd2463ff89763f2f8db4d6d0ce376f?s=96&d=mm&r=g\",\"caption\":\"Arthur Zarpelon\"},\"url\":\"https:\/\/hillsong.com\/brazil\/it\/author\/arthurzarpelon\/\"}]}<\/script>\n<!-- \/ Yoast SEO plugin. -->","yoast_head_json":{"title":"[:en]Dia 3 \u2013 Superando nossos medos[:pb]Dia 3 \u2013 Superando nossos medos[:] | Brazil","robots":{"index":"index","follow":"follow","max-snippet":"max-snippet:-1","max-image-preview":"max-image-preview:large","max-video-preview":"max-video-preview:-1"},"canonical":"https:\/\/hillsong.com\/brazil\/ja\/blog\/2022\/03\/dia-3-superando-nossos-medos\/","og_locale":"it_IT","og_type":"article","og_title":"[:en]Dia 3 \u2013 Superando nossos medos[:pb]Dia 3 \u2013 Superando nossos medos[:] | Brazil","og_description":"[:en]O medo e a f\u00e9 produzem emo\u00e7\u00f5es muito semelhantes. Enquanto que o medo diz, com um tom de d\u00favida: \u2018O que vai acontecer se eu der esse passo?\u2019, a f\u00e9 pergunta o mesmo, mas com um tom de expectativa, esperan\u00e7a, alegria e valentia, crendo no que Deus pode fazer. Sentir medo n\u00e3o \u00e9 ruim, nos torna humanos. O problema \u00e9 nos deixarmos dominar por ele, permitir que ele nos paralise e nos impe\u00e7a de avan\u00e7ar.[:pb]O medo e a f\u00e9 produzem emo\u00e7\u00f5es muito semelhantes. Enquanto que o medo diz, com um tom de d\u00favida: \u2018O que vai acontecer se eu der esse passo?\u2019, a f\u00e9 pergunta o mesmo, mas com um tom de expectativa, esperan\u00e7a, alegria e valentia, crendo no que Deus pode fazer. Sentir medo n\u00e3o \u00e9 ruim, nos torna humanos. O problema \u00e9 nos deixarmos dominar por ele, permitir que ele nos paralise e nos impe\u00e7a de avan\u00e7ar.[:]","og_url":"https:\/\/hillsong.com\/brazil\/ja\/blog\/2022\/03\/dia-3-superando-nossos-medos\/","og_site_name":"Brazil","article_published_time":"2022-03-28T13:20:50+00:00","article_modified_time":"2022-03-30T21:12:09+00:00","twitter_card":"summary_large_image","twitter_misc":{"Written by":"Arthur Zarpelon","Est. reading time":"8 minutes"},"schema":{"@context":"https:\/\/schema.org","@graph":[{"@type":"Organization","@id":"https:\/\/hillsong.com\/brazil\/no\/#organization","name":"Hillsong Church Brasil","url":"https:\/\/hillsong.com\/brazil\/no\/","sameAs":[],"logo":{"@type":"ImageObject","inLanguage":"it-IT","@id":"https:\/\/hillsong.com\/brazil\/no\/#\/schema\/logo\/image\/","url":"https:\/\/cdn.hillsong.com\/wp-content\/uploads\/sites\/36\/2025\/08\/31011329\/hsp-logo-bk-outline.png","contentUrl":"https:\/\/cdn.hillsong.com\/wp-content\/uploads\/sites\/36\/2025\/08\/31011329\/hsp-logo-bk-outline.png","width":600,"height":600,"caption":"Hillsong Church Brasil"},"image":{"@id":"https:\/\/hillsong.com\/brazil\/no\/#\/schema\/logo\/image\/"}},{"@type":"WebSite","@id":"https:\/\/hillsong.com\/brazil\/no\/#website","url":"https:\/\/hillsong.com\/brazil\/no\/","name":"Brazil","description":"","publisher":{"@id":"https:\/\/hillsong.com\/brazil\/no\/#organization"},"potentialAction":[{"@type":"SearchAction","target":{"@type":"EntryPoint","urlTemplate":"https:\/\/hillsong.com\/brazil\/no\/?s={search_term_string}"},"query-input":"required name=search_term_string"}],"inLanguage":"it-IT"},{"@type":"WebPage","@id":"https:\/\/hillsong.com\/brazil\/ja\/blog\/2022\/03\/dia-3-superando-nossos-medos\/#webpage","url":"https:\/\/hillsong.com\/brazil\/ja\/blog\/2022\/03\/dia-3-superando-nossos-medos\/","name":"[:en]Dia 3 \u2013 Superando nossos medos[:pb]Dia 3 \u2013 Superando nossos medos[:] | Brazil","isPartOf":{"@id":"https:\/\/hillsong.com\/brazil\/no\/#website"},"datePublished":"2022-03-28T13:20:50+00:00","dateModified":"2022-03-30T21:12:09+00:00","breadcrumb":{"@id":"https:\/\/hillsong.com\/brazil\/ja\/blog\/2022\/03\/dia-3-superando-nossos-medos\/#breadcrumb"},"inLanguage":"it-IT","potentialAction":[{"@type":"ReadAction","target":["https:\/\/hillsong.com\/brazil\/ja\/blog\/2022\/03\/dia-3-superando-nossos-medos\/"]}]},{"@type":"BreadcrumbList","@id":"https:\/\/hillsong.com\/brazil\/ja\/blog\/2022\/03\/dia-3-superando-nossos-medos\/#breadcrumb","itemListElement":[{"@type":"ListItem","position":1,"name":"Home","item":"https:\/\/hillsong.com\/brazil\/no\/"},{"@type":"ListItem","position":2,"name":"Dia 3 \u2013 Superando nossos medos"}]},{"@type":"Article","@id":"https:\/\/hillsong.com\/brazil\/ja\/blog\/2022\/03\/dia-3-superando-nossos-medos\/#article","isPartOf":{"@id":"https:\/\/hillsong.com\/brazil\/ja\/blog\/2022\/03\/dia-3-superando-nossos-medos\/#webpage"},"author":{"@id":"https:\/\/hillsong.com\/brazil\/no\/#\/schema\/person\/ccf8274a6836227f96f928909590a539"},"headline":"Dia 3 \u2013 Superando nossos medos","datePublished":"2022-03-28T13:20:50+00:00","dateModified":"2022-03-30T21:12:09+00:00","mainEntityOfPage":{"@id":"https:\/\/hillsong.com\/brazil\/ja\/blog\/2022\/03\/dia-3-superando-nossos-medos\/#webpage"},"wordCount":1656,"commentCount":0,"publisher":{"@id":"https:\/\/hillsong.com\/brazil\/no\/#organization"},"articleSection":["Blog","Devocional","Sao Paulo"],"inLanguage":"it-IT","potentialAction":[{"@type":"CommentAction","name":"Comment","target":["https:\/\/hillsong.com\/brazil\/ja\/blog\/2022\/03\/dia-3-superando-nossos-medos\/#respond"]}]},{"@type":"Person","@id":"https:\/\/hillsong.com\/brazil\/no\/#\/schema\/person\/ccf8274a6836227f96f928909590a539","name":"Arthur Zarpelon","image":{"@type":"ImageObject","inLanguage":"it-IT","@id":"https:\/\/hillsong.com\/brazil\/no\/#\/schema\/person\/image\/","url":"https:\/\/secure.gravatar.com\/avatar\/aabd2463ff89763f2f8db4d6d0ce376f?s=96&d=mm&r=g","contentUrl":"https:\/\/secure.gravatar.com\/avatar\/aabd2463ff89763f2f8db4d6d0ce376f?s=96&d=mm&r=g","caption":"Arthur Zarpelon"},"url":"https:\/\/hillsong.com\/brazil\/it\/author\/arthurzarpelon\/"}]}},"_links":{"self":[{"href":"https:\/\/hillsong.com\/brazil\/it\/wp-json\/wp\/v2\/posts\/635562"}],"collection":[{"href":"https:\/\/hillsong.com\/brazil\/it\/wp-json\/wp\/v2\/posts"}],"about":[{"href":"https:\/\/hillsong.com\/brazil\/it\/wp-json\/wp\/v2\/types\/post"}],"author":[{"embeddable":true,"href":"https:\/\/hillsong.com\/brazil\/it\/wp-json\/wp\/v2\/users\/54117"}],"replies":[{"embeddable":true,"href":"https:\/\/hillsong.com\/brazil\/it\/wp-json\/wp\/v2\/comments?post=635562"}],"version-history":[{"count":2,"href":"https:\/\/hillsong.com\/brazil\/it\/wp-json\/wp\/v2\/posts\/635562\/revisions"}],"predecessor-version":[{"id":635571,"href":"https:\/\/hillsong.com\/brazil\/it\/wp-json\/wp\/v2\/posts\/635562\/revisions\/635571"}],"wp:attachment":[{"href":"https:\/\/hillsong.com\/brazil\/it\/wp-json\/wp\/v2\/media?parent=635562"}],"wp:term":[{"taxonomy":"category","embeddable":true,"href":"https:\/\/hillsong.com\/brazil\/it\/wp-json\/wp\/v2\/categories?post=635562"},{"taxonomy":"post_tag","embeddable":true,"href":"https:\/\/hillsong.com\/brazil\/it\/wp-json\/wp\/v2\/tags?post=635562"}],"curies":[{"name":"wp","href":"https:\/\/api.w.org\/{rel}","templated":true}]}}