{"id":636630,"date":"2022-11-22T00:00:04","date_gmt":"2022-11-22T03:00:04","guid":{"rendered":"https:\/\/hillsong.com\/brazil\/?p=636630"},"modified":"2022-11-22T00:00:04","modified_gmt":"2022-11-22T03:00:04","slug":"dia-16-nos-semeamos-naqueles-que-sofrem","status":"publish","type":"post","link":"https:\/\/hillsong.com\/brazil\/no\/blog\/2022\/11\/dia-16-nos-semeamos-naqueles-que-sofrem\/","title":{"rendered":"Dia 16: N\u00f3s semeamos naqueles que sofrem"},"content":{"rendered":"<p class=\"qtranxs-available-languages-message qtranxs-available-languages-message-no\">Beklager, denne oppf\u00f8ringen er bare tilgjengelig i% LANG:, : og %.<\/p><p><em>\u201cO Esp\u00edrito do Senhor est\u00e1 sobre mim, pois ele me ungiu para trazer as boas-novas aos pobres. Ele me enviou para anunciar que os cativos ser\u00e3o soltos, os cegos ver\u00e3o, os oprimidos ser\u00e3o libertos, e que \u00e9 chegado o tempo do favor do Senhor.\u201d<\/em><br \/>\n<strong>Lucas 4:18-19 (NVT)<\/strong><\/p>\n<p><em>\u201cO Senhor est\u00e1 perto dos que t\u00eam o cora\u00e7\u00e3o quebrantado e resgata os de esp\u00edrito oprimido.\u201d<\/em><br \/>\n<strong>Salmos 34:18 (NVT)<\/strong><\/p>\n<p><em>\u201cFelizes os que choram, pois ser\u00e3o consolados.\u201d<\/em><br \/>\n<strong>Mateus 5:4 (NVT)<\/strong><\/p>\n<p><em>\u201cAlegrem-se com os que se alegram e chorem com os que choram.\u201d<\/em><br \/>\n<strong>Romanos 12:15 (NVT)<\/strong><\/p>\n<p>&nbsp;<\/p>\n<p>Voc\u00ea j\u00e1 recebeu o cuidado de Deus por meio de pessoas ou grupo de pessoas, durante um momento dif\u00edcil da sua vida? \u00c9 impressionante como Deus se faz presente, de uma forma especial, nestes momentos.<\/p>\n<p>Recordo-me de uma visita que fizemos a uma fam\u00edlia que estava com um dos filhos internado no hospital, em situa\u00e7\u00e3o extremamente delicada. Foi lindo ver como Deus nos usou para encorajar, fortalecer e gerar f\u00e9 por um milagre no cora\u00e7\u00e3o de cada membro daquela fam\u00edlia. A presen\u00e7a de Deus estava tang\u00edvel naquele lugar.<\/p>\n<p>O Esp\u00edrito que estava sobre Jesus para proclamar as boas-novas, declarar liberdade ao cativo, cura sobre o enfermo, est\u00e1 hoje sobre n\u00f3s, a igreja. N\u00f3s fomos chamados para consolar, trazer esperan\u00e7a e cura \u00e0queles que sofrem. O cora\u00e7\u00e3o de Deus se inclina de forma especial quando nos comprometemos a semear naqueles que sofrem, e o seu agir se torna evidente atrav\u00e9s das nossas vidas.<\/p>\n<p>No mundo em que vivemos, diariamente, n\u00f3s temos oportunidades de oferecer o cuidado e o amor \u00e0s pessoas que est\u00e3o ao nosso redor.<\/p>\n<p>&nbsp;<\/p>\n<p>Ora\u00e7\u00e3o: Pai, muito obrigado pelas oportunidades que se apresentam a n\u00f3s, para sermos a diferen\u00e7a na vida das pessoas. Que Tu encontres em n\u00f3s, cora\u00e7\u00f5es dispon\u00edveis e prontos para fazer a Tua vontade. Am\u00e9m.<\/p>\n<p>&nbsp;<\/p>\n<p><iframe loading=\"lazy\" title=\"YouTube video player\" src=\"https:\/\/www.youtube.com\/embed\/ra-hhqz0CKk\" width=\"560\" height=\"315\" frameborder=\"0\" allowfullscreen=\"allowfullscreen\"><\/iframe><\/p>","protected":false},"excerpt":{"rendered":"<p class=\"qtranxs-available-languages-message qtranxs-available-languages-message-no\">Beklager, denne oppf\u00f8ringen er bare tilgjengelig i% LANG:, : og %.<\/p>\n<p>N\u00f3s fomos chamados para consolar, trazer esperan\u00e7a e cura \u00e0queles que sofrem.<\/p>\n","protected":false},"author":54117,"featured_media":0,"comment_status":"open","ping_status":"open","sticky":false,"template":"","format":"standard","meta":{"footnotes":""},"categories":[15482,15053],"tags":[],"acf":[],"yoast_head":"<!-- This site is optimized with the Yoast SEO plugin v18.9 - https:\/\/yoast.com\/wordpress\/plugins\/seo\/ -->\n<title><\/title>\n<meta name=\"robots\" content=\"index, follow, max-snippet:-1, max-image-preview:large, max-video-preview:-1\" \/>\n<link rel=\"canonical\" href=\"https:\/\/hillsong.com\/brazil\/blog\/2022\/11\/dia-16-nos-semeamos-naqueles-que-sofrem\/\" \/>\n<meta property=\"og:locale\" content=\"en_US\" \/>\n<meta property=\"og:type\" content=\"article\" \/>\n<meta property=\"og:title\" content=\"[:en]Dia 16: N\u00f3s semeamos naqueles que sofrem[:pb]Dia 16: N\u00f3s semeamos naqueles que sofrem[:] | Brazil\" \/>\n<meta property=\"og:description\" content=\"[:en]N\u00f3s fomos chamados para consolar, trazer esperan\u00e7a e cura \u00e0queles que sofrem.[:pb]A generosidade est\u00e1 relacionada com o tempo: ao amar sem esperar nada em troca.[:]\" \/>\n<meta property=\"og:url\" content=\"https:\/\/hillsong.com\/brazil\/blog\/2022\/11\/dia-16-nos-semeamos-naqueles-que-sofrem\/\" \/>\n<meta property=\"og:site_name\" content=\"Brazil\" \/>\n<meta property=\"article:published_time\" content=\"2022-11-22T03:00:04+00:00\" \/>\n<meta name=\"twitter:card\" content=\"summary_large_image\" \/>\n<meta name=\"twitter:label1\" content=\"Written by\" \/>\n\t<meta name=\"twitter:data1\" content=\"Arthur Zarpelon\" \/>\n\t<meta name=\"twitter:label2\" content=\"Est. reading time\" \/>\n\t<meta name=\"twitter:data2\" content=\"3 minutes\" \/>\n<script type=\"application\/ld+json\" class=\"yoast-schema-graph\">{\"@context\":\"https:\/\/schema.org\",\"@graph\":[{\"@type\":\"Organization\",\"@id\":\"https:\/\/hillsong.com\/brazil\/no\/#organization\",\"name\":\"Hillsong Church Brasil\",\"url\":\"https:\/\/hillsong.com\/brazil\/no\/\",\"sameAs\":[],\"logo\":{\"@type\":\"ImageObject\",\"inLanguage\":\"no-NO\",\"@id\":\"https:\/\/hillsong.com\/brazil\/no\/#\/schema\/logo\/image\/\",\"url\":\"https:\/\/cdn.hillsong.com\/wp-content\/uploads\/sites\/36\/2025\/08\/31011329\/hsp-logo-bk-outline.png\",\"contentUrl\":\"https:\/\/cdn.hillsong.com\/wp-content\/uploads\/sites\/36\/2025\/08\/31011329\/hsp-logo-bk-outline.png\",\"width\":600,\"height\":600,\"caption\":\"Hillsong Church Brasil\"},\"image\":{\"@id\":\"https:\/\/hillsong.com\/brazil\/no\/#\/schema\/logo\/image\/\"}},{\"@type\":\"WebSite\",\"@id\":\"https:\/\/hillsong.com\/brazil\/no\/#website\",\"url\":\"https:\/\/hillsong.com\/brazil\/no\/\",\"name\":\"Brazil\",\"description\":\"\",\"publisher\":{\"@id\":\"https:\/\/hillsong.com\/brazil\/no\/#organization\"},\"potentialAction\":[{\"@type\":\"SearchAction\",\"target\":{\"@type\":\"EntryPoint\",\"urlTemplate\":\"https:\/\/hillsong.com\/brazil\/no\/?s={search_term_string}\"},\"query-input\":\"required name=search_term_string\"}],\"inLanguage\":\"no-NO\"},{\"@type\":\"WebPage\",\"@id\":\"https:\/\/hillsong.com\/brazil\/blog\/2022\/11\/dia-16-nos-semeamos-naqueles-que-sofrem\/#webpage\",\"url\":\"https:\/\/hillsong.com\/brazil\/blog\/2022\/11\/dia-16-nos-semeamos-naqueles-que-sofrem\/\",\"name\":\"[:en]Dia 16: N\u00f3s semeamos naqueles que sofrem[:pb]Dia 16: N\u00f3s semeamos naqueles que sofrem[:] | Brazil\",\"isPartOf\":{\"@id\":\"https:\/\/hillsong.com\/brazil\/no\/#website\"},\"datePublished\":\"2022-11-22T03:00:04+00:00\",\"dateModified\":\"2022-11-22T03:00:04+00:00\",\"breadcrumb\":{\"@id\":\"https:\/\/hillsong.com\/brazil\/blog\/2022\/11\/dia-16-nos-semeamos-naqueles-que-sofrem\/#breadcrumb\"},\"inLanguage\":\"no-NO\",\"potentialAction\":[{\"@type\":\"ReadAction\",\"target\":[\"https:\/\/hillsong.com\/brazil\/blog\/2022\/11\/dia-16-nos-semeamos-naqueles-que-sofrem\/\"]}]},{\"@type\":\"BreadcrumbList\",\"@id\":\"https:\/\/hillsong.com\/brazil\/blog\/2022\/11\/dia-16-nos-semeamos-naqueles-que-sofrem\/#breadcrumb\",\"itemListElement\":[{\"@type\":\"ListItem\",\"position\":1,\"name\":\"Home\",\"item\":\"https:\/\/hillsong.com\/brazil\/no\/\"},{\"@type\":\"ListItem\",\"position\":2,\"name\":\"Dia 16: N\u00f3s semeamos naqueles que sofrem\"}]},{\"@type\":\"Article\",\"@id\":\"https:\/\/hillsong.com\/brazil\/blog\/2022\/11\/dia-16-nos-semeamos-naqueles-que-sofrem\/#article\",\"isPartOf\":{\"@id\":\"https:\/\/hillsong.com\/brazil\/blog\/2022\/11\/dia-16-nos-semeamos-naqueles-que-sofrem\/#webpage\"},\"author\":{\"@id\":\"https:\/\/hillsong.com\/brazil\/no\/#\/schema\/person\/ccf8274a6836227f96f928909590a539\"},\"headline\":\"Dia 16: N\u00f3s semeamos naqueles que sofrem\",\"datePublished\":\"2022-11-22T03:00:04+00:00\",\"dateModified\":\"2022-11-22T03:00:04+00:00\",\"mainEntityOfPage\":{\"@id\":\"https:\/\/hillsong.com\/brazil\/blog\/2022\/11\/dia-16-nos-semeamos-naqueles-que-sofrem\/#webpage\"},\"wordCount\":674,\"commentCount\":0,\"publisher\":{\"@id\":\"https:\/\/hillsong.com\/brazil\/no\/#organization\"},\"articleSection\":[\"Cora\u00e7\u00e3o Pela Casa 2022\",\"Sao Paulo\"],\"inLanguage\":\"no-NO\",\"potentialAction\":[{\"@type\":\"CommentAction\",\"name\":\"Comment\",\"target\":[\"https:\/\/hillsong.com\/brazil\/blog\/2022\/11\/dia-16-nos-semeamos-naqueles-que-sofrem\/#respond\"]}]},{\"@type\":\"Person\",\"@id\":\"https:\/\/hillsong.com\/brazil\/no\/#\/schema\/person\/ccf8274a6836227f96f928909590a539\",\"name\":\"Arthur Zarpelon\",\"image\":{\"@type\":\"ImageObject\",\"inLanguage\":\"no-NO\",\"@id\":\"https:\/\/hillsong.com\/brazil\/no\/#\/schema\/person\/image\/\",\"url\":\"https:\/\/secure.gravatar.com\/avatar\/aabd2463ff89763f2f8db4d6d0ce376f?s=96&d=mm&r=g\",\"contentUrl\":\"https:\/\/secure.gravatar.com\/avatar\/aabd2463ff89763f2f8db4d6d0ce376f?s=96&d=mm&r=g\",\"caption\":\"Arthur Zarpelon\"},\"url\":\"https:\/\/hillsong.com\/brazil\/no\/author\/arthurzarpelon\/\"}]}<\/script>\n<!-- \/ Yoast SEO plugin. -->","yoast_head_json":{"title":"[:en]Dia 16: N\u00f3s semeamos naqueles que sofrem[:pb]Dia 16: N\u00f3s semeamos naqueles que sofrem[:] | Brazil","robots":{"index":"index","follow":"follow","max-snippet":"max-snippet:-1","max-image-preview":"max-image-preview:large","max-video-preview":"max-video-preview:-1"},"canonical":"https:\/\/hillsong.com\/brazil\/blog\/2022\/11\/dia-16-nos-semeamos-naqueles-que-sofrem\/","og_locale":"en_US","og_type":"article","og_title":"[:en]Dia 16: N\u00f3s semeamos naqueles que sofrem[:pb]Dia 16: N\u00f3s semeamos naqueles que sofrem[:] | Brazil","og_description":"[:en]N\u00f3s fomos chamados para consolar, trazer esperan\u00e7a e cura \u00e0queles que sofrem.[:pb]A generosidade est\u00e1 relacionada com o tempo: ao amar sem esperar nada em troca.[:]","og_url":"https:\/\/hillsong.com\/brazil\/blog\/2022\/11\/dia-16-nos-semeamos-naqueles-que-sofrem\/","og_site_name":"Brazil","article_published_time":"2022-11-22T03:00:04+00:00","twitter_card":"summary_large_image","twitter_misc":{"Written by":"Arthur Zarpelon","Est. reading time":"3 minutes"},"schema":{"@context":"https:\/\/schema.org","@graph":[{"@type":"Organization","@id":"https:\/\/hillsong.com\/brazil\/no\/#organization","name":"Hillsong Church Brasil","url":"https:\/\/hillsong.com\/brazil\/no\/","sameAs":[],"logo":{"@type":"ImageObject","inLanguage":"no-NO","@id":"https:\/\/hillsong.com\/brazil\/no\/#\/schema\/logo\/image\/","url":"https:\/\/cdn.hillsong.com\/wp-content\/uploads\/sites\/36\/2025\/08\/31011329\/hsp-logo-bk-outline.png","contentUrl":"https:\/\/cdn.hillsong.com\/wp-content\/uploads\/sites\/36\/2025\/08\/31011329\/hsp-logo-bk-outline.png","width":600,"height":600,"caption":"Hillsong Church Brasil"},"image":{"@id":"https:\/\/hillsong.com\/brazil\/no\/#\/schema\/logo\/image\/"}},{"@type":"WebSite","@id":"https:\/\/hillsong.com\/brazil\/no\/#website","url":"https:\/\/hillsong.com\/brazil\/no\/","name":"Brazil","description":"","publisher":{"@id":"https:\/\/hillsong.com\/brazil\/no\/#organization"},"potentialAction":[{"@type":"SearchAction","target":{"@type":"EntryPoint","urlTemplate":"https:\/\/hillsong.com\/brazil\/no\/?s={search_term_string}"},"query-input":"required name=search_term_string"}],"inLanguage":"no-NO"},{"@type":"WebPage","@id":"https:\/\/hillsong.com\/brazil\/blog\/2022\/11\/dia-16-nos-semeamos-naqueles-que-sofrem\/#webpage","url":"https:\/\/hillsong.com\/brazil\/blog\/2022\/11\/dia-16-nos-semeamos-naqueles-que-sofrem\/","name":"[:en]Dia 16: N\u00f3s semeamos naqueles que sofrem[:pb]Dia 16: N\u00f3s semeamos naqueles que sofrem[:] | Brazil","isPartOf":{"@id":"https:\/\/hillsong.com\/brazil\/no\/#website"},"datePublished":"2022-11-22T03:00:04+00:00","dateModified":"2022-11-22T03:00:04+00:00","breadcrumb":{"@id":"https:\/\/hillsong.com\/brazil\/blog\/2022\/11\/dia-16-nos-semeamos-naqueles-que-sofrem\/#breadcrumb"},"inLanguage":"no-NO","potentialAction":[{"@type":"ReadAction","target":["https:\/\/hillsong.com\/brazil\/blog\/2022\/11\/dia-16-nos-semeamos-naqueles-que-sofrem\/"]}]},{"@type":"BreadcrumbList","@id":"https:\/\/hillsong.com\/brazil\/blog\/2022\/11\/dia-16-nos-semeamos-naqueles-que-sofrem\/#breadcrumb","itemListElement":[{"@type":"ListItem","position":1,"name":"Home","item":"https:\/\/hillsong.com\/brazil\/no\/"},{"@type":"ListItem","position":2,"name":"Dia 16: N\u00f3s semeamos naqueles que sofrem"}]},{"@type":"Article","@id":"https:\/\/hillsong.com\/brazil\/blog\/2022\/11\/dia-16-nos-semeamos-naqueles-que-sofrem\/#article","isPartOf":{"@id":"https:\/\/hillsong.com\/brazil\/blog\/2022\/11\/dia-16-nos-semeamos-naqueles-que-sofrem\/#webpage"},"author":{"@id":"https:\/\/hillsong.com\/brazil\/no\/#\/schema\/person\/ccf8274a6836227f96f928909590a539"},"headline":"Dia 16: N\u00f3s semeamos naqueles que sofrem","datePublished":"2022-11-22T03:00:04+00:00","dateModified":"2022-11-22T03:00:04+00:00","mainEntityOfPage":{"@id":"https:\/\/hillsong.com\/brazil\/blog\/2022\/11\/dia-16-nos-semeamos-naqueles-que-sofrem\/#webpage"},"wordCount":674,"commentCount":0,"publisher":{"@id":"https:\/\/hillsong.com\/brazil\/no\/#organization"},"articleSection":["Cora\u00e7\u00e3o Pela Casa 2022","Sao Paulo"],"inLanguage":"no-NO","potentialAction":[{"@type":"CommentAction","name":"Comment","target":["https:\/\/hillsong.com\/brazil\/blog\/2022\/11\/dia-16-nos-semeamos-naqueles-que-sofrem\/#respond"]}]},{"@type":"Person","@id":"https:\/\/hillsong.com\/brazil\/no\/#\/schema\/person\/ccf8274a6836227f96f928909590a539","name":"Arthur Zarpelon","image":{"@type":"ImageObject","inLanguage":"no-NO","@id":"https:\/\/hillsong.com\/brazil\/no\/#\/schema\/person\/image\/","url":"https:\/\/secure.gravatar.com\/avatar\/aabd2463ff89763f2f8db4d6d0ce376f?s=96&d=mm&r=g","contentUrl":"https:\/\/secure.gravatar.com\/avatar\/aabd2463ff89763f2f8db4d6d0ce376f?s=96&d=mm&r=g","caption":"Arthur Zarpelon"},"url":"https:\/\/hillsong.com\/brazil\/no\/author\/arthurzarpelon\/"}]}},"_links":{"self":[{"href":"https:\/\/hillsong.com\/brazil\/no\/wp-json\/wp\/v2\/posts\/636630"}],"collection":[{"href":"https:\/\/hillsong.com\/brazil\/no\/wp-json\/wp\/v2\/posts"}],"about":[{"href":"https:\/\/hillsong.com\/brazil\/no\/wp-json\/wp\/v2\/types\/post"}],"author":[{"embeddable":true,"href":"https:\/\/hillsong.com\/brazil\/no\/wp-json\/wp\/v2\/users\/54117"}],"replies":[{"embeddable":true,"href":"https:\/\/hillsong.com\/brazil\/no\/wp-json\/wp\/v2\/comments?post=636630"}],"version-history":[{"count":1,"href":"https:\/\/hillsong.com\/brazil\/no\/wp-json\/wp\/v2\/posts\/636630\/revisions"}],"predecessor-version":[{"id":636631,"href":"https:\/\/hillsong.com\/brazil\/no\/wp-json\/wp\/v2\/posts\/636630\/revisions\/636631"}],"wp:attachment":[{"href":"https:\/\/hillsong.com\/brazil\/no\/wp-json\/wp\/v2\/media?parent=636630"}],"wp:term":[{"taxonomy":"category","embeddable":true,"href":"https:\/\/hillsong.com\/brazil\/no\/wp-json\/wp\/v2\/categories?post=636630"},{"taxonomy":"post_tag","embeddable":true,"href":"https:\/\/hillsong.com\/brazil\/no\/wp-json\/wp\/v2\/tags?post=636630"}],"curies":[{"name":"wp","href":"https:\/\/api.w.org\/{rel}","templated":true}]}}