{"id":639333,"date":"2024-10-20T12:00:53","date_gmt":"2024-10-20T15:00:53","guid":{"rendered":"https:\/\/hillsong.com\/brazil\/?p=639333"},"modified":"2024-10-23T11:09:38","modified_gmt":"2024-10-23T14:09:38","slug":"os-dois-filhos-perdidos-na-casa-do-pai","status":"publish","type":"post","link":"https:\/\/hillsong.com\/brazil\/no\/podcast\/2024\/10\/os-dois-filhos-perdidos-na-casa-do-pai\/","title":{"rendered":"Os Dois Filhos Perdidos, na Casa do Pai"},"content":{"rendered":"<p class=\"qtranxs-available-languages-message qtranxs-available-languages-message-no\">Beklager, denne oppf\u00f8ringen er bare tilgjengelig i% LANG:, : og %.<\/p><p><em>\u201cO Senhor \u00e9 Aquele que nos escolhe como filhos, nos perdoa e nos faz novos. Por causa do sangue de Jesus, temos um lugar \u00e0 Sua mesa. O Pai nos ama e tem restaura\u00e7\u00e3o para nossas vidas.\u201d<\/em><\/p>\n<p>Ou\u00e7a a mensagem completa clicando no player abaixo:<\/p>\n<p><iframe loading=\"lazy\" src=\"https:\/\/podcasters.spotify.com\/pod\/show\/hillsongsaopaulo\/embed\/episodes\/Os-Dois-Filhos-Perdidos--na-Casa-do-Pai---Marina-Bitencourt-e2q1p5q\/a-abjh4ed\" height=\"102px\" width=\"400px\" frameborder=\"0\" scrolling=\"no\"><\/iframe><\/p>","protected":false},"excerpt":{"rendered":"<p class=\"qtranxs-available-languages-message qtranxs-available-languages-message-no\">Beklager, denne oppf\u00f8ringen er bare tilgjengelig i% LANG:, : og %.<\/p>\n<p>Mensagem do dia 20 de outubro de 2024 no campus Zona Sul.<\/p>\n","protected":false},"author":54209,"featured_media":0,"comment_status":"open","ping_status":"open","sticky":false,"template":"","format":"standard","meta":{"_acf_changed":false,"footnotes":""},"categories":[15081,15053,15486],"tags":[],"class_list":["post-639333","post","type-post","status-publish","format-standard","hentry","category-podcasts-sao-paulo","category-sao-paulo","category-zona-sul"],"acf":[],"yoast_head":"<!-- This site is optimized with the Yoast SEO plugin v27.2 - https:\/\/yoast.com\/product\/yoast-seo-wordpress\/ -->\n<title><\/title>\n<meta name=\"robots\" content=\"index, follow, max-snippet:-1, max-image-preview:large, max-video-preview:-1\" \/>\n<link rel=\"canonical\" href=\"https:\/\/hillsong.com\/brazil\/podcast\/2024\/10\/os-dois-filhos-perdidos-na-casa-do-pai\/\" \/>\n<meta property=\"og:locale\" content=\"en_US\" \/>\n<meta property=\"og:type\" content=\"article\" \/>\n<meta property=\"og:title\" content=\"[:en]Os Dois Filhos Perdidos, na Casa do Pai[:pb]Os Dois Filhos Perdidos, na Casa do Pai[:] | Brazil\" \/>\n<meta property=\"og:description\" content=\"[:en]Mensagem do dia 20 de outubro de 2024 no campus Zona Sul.[:pb]Mensagem do dia 20 de outubro de 2024 no campus Zona Sul.[:]\" \/>\n<meta property=\"og:url\" content=\"https:\/\/hillsong.com\/brazil\/podcast\/2024\/10\/os-dois-filhos-perdidos-na-casa-do-pai\/\" \/>\n<meta property=\"og:site_name\" content=\"Brazil\" \/>\n<meta property=\"article:published_time\" content=\"2024-10-20T15:00:53+00:00\" \/>\n<meta property=\"article:modified_time\" content=\"2024-10-23T14:09:38+00:00\" \/>\n<meta name=\"author\" content=\"gabryellekemilly\" \/>\n<meta name=\"twitter:card\" content=\"summary_large_image\" \/>\n<meta name=\"twitter:label1\" content=\"Written by\" \/>\n\t<meta name=\"twitter:data1\" content=\"gabryellekemilly\" \/>\n<script type=\"application\/ld+json\" class=\"yoast-schema-graph\">{\"@context\":\"https:\/\/schema.org\",\"@graph\":[{\"@type\":\"Article\",\"@id\":\"https:\/\/hillsong.com\/brazil\/podcast\/2024\/10\/os-dois-filhos-perdidos-na-casa-do-pai\/#article\",\"isPartOf\":{\"@id\":\"https:\/\/hillsong.com\/brazil\/podcast\/2024\/10\/os-dois-filhos-perdidos-na-casa-do-pai\/\"},\"author\":{\"name\":\"gabryellekemilly\",\"@id\":\"https:\/\/hillsong.com\/brazil\/no\/#\/schema\/person\/8a7eab012c6640777577c02f2f8e266a\"},\"headline\":\"Os Dois Filhos Perdidos, na Casa do Pai\",\"datePublished\":\"2024-10-20T15:00:53+00:00\",\"dateModified\":\"2024-10-23T14:09:38+00:00\",\"mainEntityOfPage\":{\"@id\":\"https:\/\/hillsong.com\/brazil\/podcast\/2024\/10\/os-dois-filhos-perdidos-na-casa-do-pai\/\"},\"wordCount\":110,\"commentCount\":0,\"publisher\":{\"@id\":\"https:\/\/hillsong.com\/brazil\/no\/#organization\"},\"articleSection\":[\"\",\"Sao Paulo\",\"Zona Sul\"],\"inLanguage\":\"no-NO\",\"potentialAction\":[{\"@type\":\"CommentAction\",\"name\":\"Comment\",\"target\":[\"https:\/\/hillsong.com\/brazil\/podcast\/2024\/10\/os-dois-filhos-perdidos-na-casa-do-pai\/#respond\"]}]},{\"@type\":\"WebPage\",\"@id\":\"https:\/\/hillsong.com\/brazil\/podcast\/2024\/10\/os-dois-filhos-perdidos-na-casa-do-pai\/\",\"url\":\"https:\/\/hillsong.com\/brazil\/podcast\/2024\/10\/os-dois-filhos-perdidos-na-casa-do-pai\/\",\"name\":\"[:en]Os Dois Filhos Perdidos, na Casa do Pai[:pb]Os Dois Filhos Perdidos, na Casa do Pai[:] | Brazil\",\"isPartOf\":{\"@id\":\"https:\/\/hillsong.com\/brazil\/no\/#website\"},\"datePublished\":\"2024-10-20T15:00:53+00:00\",\"dateModified\":\"2024-10-23T14:09:38+00:00\",\"breadcrumb\":{\"@id\":\"https:\/\/hillsong.com\/brazil\/podcast\/2024\/10\/os-dois-filhos-perdidos-na-casa-do-pai\/#breadcrumb\"},\"inLanguage\":\"no-NO\",\"potentialAction\":[{\"@type\":\"ReadAction\",\"target\":[\"https:\/\/hillsong.com\/brazil\/podcast\/2024\/10\/os-dois-filhos-perdidos-na-casa-do-pai\/\"]}]},{\"@type\":\"BreadcrumbList\",\"@id\":\"https:\/\/hillsong.com\/brazil\/podcast\/2024\/10\/os-dois-filhos-perdidos-na-casa-do-pai\/#breadcrumb\",\"itemListElement\":[{\"@type\":\"ListItem\",\"position\":1,\"name\":\"Home\",\"item\":\"https:\/\/hillsong.com\/brazil\/no\/\"},{\"@type\":\"ListItem\",\"position\":2,\"name\":\"Os Dois Filhos Perdidos, na Casa do Pai\"}]},{\"@type\":\"WebSite\",\"@id\":\"https:\/\/hillsong.com\/brazil\/no\/#website\",\"url\":\"https:\/\/hillsong.com\/brazil\/no\/\",\"name\":\"Brazil\",\"description\":\"\",\"publisher\":{\"@id\":\"https:\/\/hillsong.com\/brazil\/no\/#organization\"},\"potentialAction\":[{\"@type\":\"SearchAction\",\"target\":{\"@type\":\"EntryPoint\",\"urlTemplate\":\"https:\/\/hillsong.com\/brazil\/no\/?s={search_term_string}\"},\"query-input\":{\"@type\":\"PropertyValueSpecification\",\"valueRequired\":true,\"valueName\":\"search_term_string\"}}],\"inLanguage\":\"no-NO\"},{\"@type\":\"Organization\",\"@id\":\"https:\/\/hillsong.com\/brazil\/no\/#organization\",\"name\":\"Hillsong Church Brasil\",\"url\":\"https:\/\/hillsong.com\/brazil\/no\/\",\"logo\":{\"@type\":\"ImageObject\",\"inLanguage\":\"no-NO\",\"@id\":\"https:\/\/hillsong.com\/brazil\/no\/#\/schema\/logo\/image\/\",\"url\":\"https:\/\/cdn.hillsong.com\/wp-content\/uploads\/sites\/36\/2025\/08\/31011329\/hsp-logo-bk-outline.png\",\"contentUrl\":\"https:\/\/cdn.hillsong.com\/wp-content\/uploads\/sites\/36\/2025\/08\/31011329\/hsp-logo-bk-outline.png\",\"width\":600,\"height\":600,\"caption\":\"Hillsong Church Brasil\"},\"image\":{\"@id\":\"https:\/\/hillsong.com\/brazil\/no\/#\/schema\/logo\/image\/\"}},{\"@type\":\"Person\",\"@id\":\"https:\/\/hillsong.com\/brazil\/no\/#\/schema\/person\/8a7eab012c6640777577c02f2f8e266a\",\"name\":\"gabryellekemilly\",\"image\":{\"@type\":\"ImageObject\",\"inLanguage\":\"no-NO\",\"@id\":\"https:\/\/secure.gravatar.com\/avatar\/c853c24bf88512f2136734512ec11e19834b520b4e949a1fb10cb64dde5ce2bf?s=96&d=mm&r=g\",\"url\":\"https:\/\/secure.gravatar.com\/avatar\/c853c24bf88512f2136734512ec11e19834b520b4e949a1fb10cb64dde5ce2bf?s=96&d=mm&r=g\",\"contentUrl\":\"https:\/\/secure.gravatar.com\/avatar\/c853c24bf88512f2136734512ec11e19834b520b4e949a1fb10cb64dde5ce2bf?s=96&d=mm&r=g\",\"caption\":\"gabryellekemilly\"},\"url\":\"https:\/\/hillsong.com\/brazil\/no\/author\/gabryellekemilly\/\"}]}<\/script>\n<!-- \/ Yoast SEO plugin. -->","yoast_head_json":{"title":"[:en]Os Dois Filhos Perdidos, na Casa do Pai[:pb]Os Dois Filhos Perdidos, na Casa do Pai[:] | Brazil","robots":{"index":"index","follow":"follow","max-snippet":"max-snippet:-1","max-image-preview":"max-image-preview:large","max-video-preview":"max-video-preview:-1"},"canonical":"https:\/\/hillsong.com\/brazil\/podcast\/2024\/10\/os-dois-filhos-perdidos-na-casa-do-pai\/","og_locale":"en_US","og_type":"article","og_title":"[:en]Os Dois Filhos Perdidos, na Casa do Pai[:pb]Os Dois Filhos Perdidos, na Casa do Pai[:] | Brazil","og_description":"[:en]Mensagem do dia 20 de outubro de 2024 no campus Zona Sul.[:pb]Mensagem do dia 20 de outubro de 2024 no campus Zona Sul.[:]","og_url":"https:\/\/hillsong.com\/brazil\/podcast\/2024\/10\/os-dois-filhos-perdidos-na-casa-do-pai\/","og_site_name":"Brazil","article_published_time":"2024-10-20T15:00:53+00:00","article_modified_time":"2024-10-23T14:09:38+00:00","author":"gabryellekemilly","twitter_card":"summary_large_image","twitter_misc":{"Written by":"gabryellekemilly"},"schema":{"@context":"https:\/\/schema.org","@graph":[{"@type":"Article","@id":"https:\/\/hillsong.com\/brazil\/podcast\/2024\/10\/os-dois-filhos-perdidos-na-casa-do-pai\/#article","isPartOf":{"@id":"https:\/\/hillsong.com\/brazil\/podcast\/2024\/10\/os-dois-filhos-perdidos-na-casa-do-pai\/"},"author":{"name":"gabryellekemilly","@id":"https:\/\/hillsong.com\/brazil\/no\/#\/schema\/person\/8a7eab012c6640777577c02f2f8e266a"},"headline":"Os Dois Filhos Perdidos, na Casa do Pai","datePublished":"2024-10-20T15:00:53+00:00","dateModified":"2024-10-23T14:09:38+00:00","mainEntityOfPage":{"@id":"https:\/\/hillsong.com\/brazil\/podcast\/2024\/10\/os-dois-filhos-perdidos-na-casa-do-pai\/"},"wordCount":110,"commentCount":0,"publisher":{"@id":"https:\/\/hillsong.com\/brazil\/no\/#organization"},"articleSection":["","Sao Paulo","Zona Sul"],"inLanguage":"no-NO","potentialAction":[{"@type":"CommentAction","name":"Comment","target":["https:\/\/hillsong.com\/brazil\/podcast\/2024\/10\/os-dois-filhos-perdidos-na-casa-do-pai\/#respond"]}]},{"@type":"WebPage","@id":"https:\/\/hillsong.com\/brazil\/podcast\/2024\/10\/os-dois-filhos-perdidos-na-casa-do-pai\/","url":"https:\/\/hillsong.com\/brazil\/podcast\/2024\/10\/os-dois-filhos-perdidos-na-casa-do-pai\/","name":"[:en]Os Dois Filhos Perdidos, na Casa do Pai[:pb]Os Dois Filhos Perdidos, na Casa do Pai[:] | Brazil","isPartOf":{"@id":"https:\/\/hillsong.com\/brazil\/no\/#website"},"datePublished":"2024-10-20T15:00:53+00:00","dateModified":"2024-10-23T14:09:38+00:00","breadcrumb":{"@id":"https:\/\/hillsong.com\/brazil\/podcast\/2024\/10\/os-dois-filhos-perdidos-na-casa-do-pai\/#breadcrumb"},"inLanguage":"no-NO","potentialAction":[{"@type":"ReadAction","target":["https:\/\/hillsong.com\/brazil\/podcast\/2024\/10\/os-dois-filhos-perdidos-na-casa-do-pai\/"]}]},{"@type":"BreadcrumbList","@id":"https:\/\/hillsong.com\/brazil\/podcast\/2024\/10\/os-dois-filhos-perdidos-na-casa-do-pai\/#breadcrumb","itemListElement":[{"@type":"ListItem","position":1,"name":"Home","item":"https:\/\/hillsong.com\/brazil\/no\/"},{"@type":"ListItem","position":2,"name":"Os Dois Filhos Perdidos, na Casa do Pai"}]},{"@type":"WebSite","@id":"https:\/\/hillsong.com\/brazil\/no\/#website","url":"https:\/\/hillsong.com\/brazil\/no\/","name":"Brazil","description":"","publisher":{"@id":"https:\/\/hillsong.com\/brazil\/no\/#organization"},"potentialAction":[{"@type":"SearchAction","target":{"@type":"EntryPoint","urlTemplate":"https:\/\/hillsong.com\/brazil\/no\/?s={search_term_string}"},"query-input":{"@type":"PropertyValueSpecification","valueRequired":true,"valueName":"search_term_string"}}],"inLanguage":"no-NO"},{"@type":"Organization","@id":"https:\/\/hillsong.com\/brazil\/no\/#organization","name":"Hillsong Church Brasil","url":"https:\/\/hillsong.com\/brazil\/no\/","logo":{"@type":"ImageObject","inLanguage":"no-NO","@id":"https:\/\/hillsong.com\/brazil\/no\/#\/schema\/logo\/image\/","url":"https:\/\/cdn.hillsong.com\/wp-content\/uploads\/sites\/36\/2025\/08\/31011329\/hsp-logo-bk-outline.png","contentUrl":"https:\/\/cdn.hillsong.com\/wp-content\/uploads\/sites\/36\/2025\/08\/31011329\/hsp-logo-bk-outline.png","width":600,"height":600,"caption":"Hillsong Church Brasil"},"image":{"@id":"https:\/\/hillsong.com\/brazil\/no\/#\/schema\/logo\/image\/"}},{"@type":"Person","@id":"https:\/\/hillsong.com\/brazil\/no\/#\/schema\/person\/8a7eab012c6640777577c02f2f8e266a","name":"gabryellekemilly","image":{"@type":"ImageObject","inLanguage":"no-NO","@id":"https:\/\/secure.gravatar.com\/avatar\/c853c24bf88512f2136734512ec11e19834b520b4e949a1fb10cb64dde5ce2bf?s=96&d=mm&r=g","url":"https:\/\/secure.gravatar.com\/avatar\/c853c24bf88512f2136734512ec11e19834b520b4e949a1fb10cb64dde5ce2bf?s=96&d=mm&r=g","contentUrl":"https:\/\/secure.gravatar.com\/avatar\/c853c24bf88512f2136734512ec11e19834b520b4e949a1fb10cb64dde5ce2bf?s=96&d=mm&r=g","caption":"gabryellekemilly"},"url":"https:\/\/hillsong.com\/brazil\/no\/author\/gabryellekemilly\/"}]}},"_links":{"self":[{"href":"https:\/\/hillsong.com\/brazil\/no\/wp-json\/wp\/v2\/posts\/639333","targetHints":{"allow":["GET"]}}],"collection":[{"href":"https:\/\/hillsong.com\/brazil\/no\/wp-json\/wp\/v2\/posts"}],"about":[{"href":"https:\/\/hillsong.com\/brazil\/no\/wp-json\/wp\/v2\/types\/post"}],"author":[{"embeddable":true,"href":"https:\/\/hillsong.com\/brazil\/no\/wp-json\/wp\/v2\/users\/54209"}],"replies":[{"embeddable":true,"href":"https:\/\/hillsong.com\/brazil\/no\/wp-json\/wp\/v2\/comments?post=639333"}],"version-history":[{"count":1,"href":"https:\/\/hillsong.com\/brazil\/no\/wp-json\/wp\/v2\/posts\/639333\/revisions"}],"predecessor-version":[{"id":639336,"href":"https:\/\/hillsong.com\/brazil\/no\/wp-json\/wp\/v2\/posts\/639333\/revisions\/639336"}],"wp:attachment":[{"href":"https:\/\/hillsong.com\/brazil\/no\/wp-json\/wp\/v2\/media?parent=639333"}],"wp:term":[{"taxonomy":"category","embeddable":true,"href":"https:\/\/hillsong.com\/brazil\/no\/wp-json\/wp\/v2\/categories?post=639333"},{"taxonomy":"post_tag","embeddable":true,"href":"https:\/\/hillsong.com\/brazil\/no\/wp-json\/wp\/v2\/tags?post=639333"}],"curies":[{"name":"wp","href":"https:\/\/api.w.org\/{rel}","templated":true}]}}