{"id":636633,"date":"2022-11-23T00:34:33","date_gmt":"2022-11-23T03:34:33","guid":{"rendered":"https:\/\/hillsong.com\/brazil\/?p=636633"},"modified":"2022-11-23T00:34:33","modified_gmt":"2022-11-23T03:34:33","slug":"dia-17-nos-semeamos-nos-perdidos","status":"publish","type":"post","link":"https:\/\/hillsong.com\/brazil\/pt\/blog\/2022\/11\/dia-17-nos-semeamos-nos-perdidos\/","title":{"rendered":"Dia 17: N\u00f3s semeamos nos perdidos"},"content":{"rendered":"<p class=\"qtranxs-available-languages-message qtranxs-available-languages-message-pt\">Desculpe, este conte\u00fado s\u00f3 est\u00e1 dispon\u00edvel em <a href=\"https:\/\/hillsong.com\/brazil\/en\/wp-json\/wp\/v2\/posts\/636633\/\" class=\"qtranxs-available-language-link qtranxs-available-language-link-en\" title=\"English\">Ingl\u00eas (Eua)<\/a> e <a href=\"https:\/\/hillsong.com\/brazil\/pb\/wp-json\/wp\/v2\/posts\/636633\/\" class=\"qtranxs-available-language-link qtranxs-available-language-link-pb\" title=\"Portugu\u00eas do Brasil\">Portugu\u00eas Do Brasil<\/a>.<\/p><p><em>\u201cNo dia seguinte, Jo\u00e3o estava novamente com dois de seus disc\u00edpulos. Quando viu Jesus passar, olhou para ele e declarou: \u201cVejam! \u00c9 o Cordeiro de Deus!\u201d. Ao ouvirem isso, os dois disc\u00edpulos de Jo\u00e3o seguiram Jesus. Jesus olhou em volta e viu que o seguiam. \u201cO que voc\u00eas querem?\u201d, perguntou. Eles responderam: \u201cRabi (que significa \u2018Mestre\u2019), onde o senhor est\u00e1 hospedado?\u201d. \u201cVenham e vejam\u201d, disse ele. Eram cerca de quatro horas da tarde quando o acompanharam at\u00e9 o lugar onde Jesus estava hospedado, e passaram o resto do dia com ele. Andr\u00e9, irm\u00e3o de Sim\u00e3o Pedro, era um dos dois que ouviram o que Jo\u00e3o tinha dito e seguiram Jesus. Andr\u00e9 foi procurar seu irm\u00e3o, Sim\u00e3o, e lhe disse: \u201cEncontramos o Messias (isto \u00e9, o Cristo)\u201d. Ent\u00e3o Andr\u00e9 levou Sim\u00e3o para conhecer Jesus. Olhando para ele, Jesus disse: \u201cVoc\u00ea \u00e9 Sim\u00e3o, filho de Jo\u00e3o, mas ser\u00e1 chamado Cefas (isto \u00e9, Pedro).\u201d<\/em><br \/>\n<strong>Jo\u00e3o 1:35-42 (NTV)<\/strong><\/p>\n<p><em>\u201cAgora, portanto, somos embaixadores de Cristo; Deus faz seu apelo por nosso interm\u00e9dio. Falamos em nome de Cristo quando dizemos: \u201cReconciliem-se com Deus!\u201d.<\/em><br \/>\n<strong>2 Cor\u00edntios 5:20 (NTV)<\/strong><\/p>\n<p><em>\u201cPorque Deus amou tanto o mundo que deu seu Filho \u00fanico, para que todo o que nele crer n\u00e3o pere\u00e7a, mas tenha a vida eterna.\u201d<\/em><br \/>\n<strong>Jo\u00e3o 3:16 (NTV)<\/strong><\/p>\n<p>&nbsp;<\/p>\n<p>Voc\u00ea j\u00e1 recebeu uma not\u00edcia t\u00e3o, mas t\u00e3o boa que n\u00e3o conseguia guard\u00e1-la somente para voc\u00ea? Aconteceu isso comigo e com minha esposa quando soubemos que est\u00e1vamos esperando nosso primeiro filho, e tamb\u00e9m quando est\u00e1vamos esperando nossa segunda filha. Quer\u00edamos sair correndo para contar aquela not\u00edcia incr\u00edvel para todas as pessoas que conhec\u00edamos.<\/p>\n<p>Em Jo\u00e3o 1:35-42, existe uma hist\u00f3ria que me fascina sobre os primeiros disc\u00edpulos, quando eles come\u00e7aram a seguir Jesus. Ao ouvir Jesus falando, um deles, Andr\u00e9, saiu correndo para contar para seu irm\u00e3o sobre uma not\u00edcia incr\u00edvel: ele havia conhecido o Messias! Automaticamente, seu irm\u00e3o, que era Sim\u00e3o Pedro, deixou tudo e tamb\u00e9m foi se encontrar com Jesus. Sempre imagino o desespero que Andr\u00e9 teve para contar ao seu irm\u00e3o que, finalmente, havia conhecido Aquele que havia sido prometido h\u00e1 tanto tempo.<\/p>\n<p>O que aconteceria se come\u00e7\u00e1ssemos a perceber a import\u00e2ncia real daquilo que carregamos conosco? E se come\u00e7\u00e1ssemos a ver a mensagem que existe dentro de n\u00f3s e que \u00e9 capaz de transformar o mundo em que vivemos?<\/p>\n<p>Desde o momento em que dissemos sim a Deus, voc\u00ea e eu somos parte do plano de Deus para a salva\u00e7\u00e3o do mundo. A B\u00edblia nos ensina, em 2 Cor\u00edntios 5:20, que somos os representantes, os embaixadores de Cristo, e que Ele chama todos os outros atrav\u00e9s de n\u00f3s. Jesus deixou uma tarefa para cada um: ir por todo o mundo (nosso mundo) e pregar a boas not\u00edcias a todos.<\/p>\n<p>Muitas vezes pensamos que n\u00e3o somos qualificados ou que n\u00e3o somos as pessoas certas, mas \u00e9 lindo saber que Aquele que nos criou e nos conhece melhor do que ningu\u00e9m nos escolhe e nos chama de Seus embaixadores. Em outras palavras, somos aqueles que representam o Reino de Deus na Terra. Os seus erros e as suas falhas n\u00e3o assustam a Deus. Ent\u00e3o isso n\u00e3o deveria ser um impedimento para semear uma mensagem de amor, alegria, esperan\u00e7a, paz, prop\u00f3sito e salva\u00e7\u00e3o.<\/p>\n<p>A resposta de Deus para sua fam\u00edlia, para o seu ambiente profissional ou para qualquer ambiente onde voc\u00ea est\u00e1 n\u00e3o \u00e9 nem mais nem menos do que voc\u00ea mesmo. N\u00e3o existe ningu\u00e9m mais: voc\u00ea \u00e9 a pessoa certa. E do mesmo modo como aconteceu com Andr\u00e9, com aquela not\u00edcia que sacudiu o mundo, o meu desejo \u00e9 que possamos assumir essa mesma postura e sair correndo pelo mundo para contar que existe esperan\u00e7a, que nem tudo est\u00e1 perdido, que existe algu\u00e9m que ama as pessoas e que deu Sua vida para que elas possam ganh\u00e1-la (Jo\u00e3o 3:16).<\/p>\n<p>&nbsp;<\/p>\n<p><strong>Ora\u00e7\u00e3o:<\/strong> Deus, te pedimos que possas colocar tuas m\u00e3os sobre n\u00f3s e nos dar a coragem para, mesmo com o que pensamos que nos limita, sairmos a um mundo em necessidade e semearmos palavras que trar\u00e3o vida em abund\u00e2ncia, perd\u00e3o e salva\u00e7\u00e3o. Am\u00e9m.<\/p>\n<p>&nbsp;<\/p>\n<p><iframe loading=\"lazy\" title=\"YouTube video player\" src=\"https:\/\/www.youtube.com\/embed\/Q-2J9o3t44A\" width=\"560\" height=\"315\" frameborder=\"0\" allowfullscreen=\"allowfullscreen\"><\/iframe><\/p>","protected":false},"excerpt":{"rendered":"<p class=\"qtranxs-available-languages-message qtranxs-available-languages-message-pt\">Desculpe, este conte\u00fado s\u00f3 est\u00e1 dispon\u00edvel em <a href=\"https:\/\/hillsong.com\/brazil\/en\/wp-json\/wp\/v2\/posts\/636633\/\" class=\"qtranxs-available-language-link qtranxs-available-language-link-en\" title=\"English\">Ingl\u00eas (Eua)<\/a> e <a href=\"https:\/\/hillsong.com\/brazil\/pb\/wp-json\/wp\/v2\/posts\/636633\/\" class=\"qtranxs-available-language-link qtranxs-available-language-link-pb\" title=\"Portugu\u00eas do Brasil\">Portugu\u00eas Do Brasil<\/a>.<\/p>\n<p>A resposta de Deus n\u00e3o \u00e9 nem mais nem menos do que voc\u00ea mesmo.<\/p>\n","protected":false},"author":54117,"featured_media":0,"comment_status":"open","ping_status":"open","sticky":false,"template":"","format":"standard","meta":{"footnotes":""},"categories":[15482,15053],"tags":[],"acf":[],"yoast_head":"<!-- This site is optimized with the Yoast SEO plugin v18.9 - https:\/\/yoast.com\/wordpress\/plugins\/seo\/ -->\n<title><\/title>\n<meta name=\"robots\" content=\"index, follow, max-snippet:-1, max-image-preview:large, max-video-preview:-1\" \/>\n<link rel=\"canonical\" href=\"https:\/\/hillsong.com\/brazil\/da\/blog\/2022\/11\/dia-17-nos-semeamos-nos-perdidos\/\" \/>\n<meta property=\"og:locale\" content=\"pt_PT\" \/>\n<meta property=\"og:type\" content=\"article\" \/>\n<meta property=\"og:title\" content=\"[:en]Dia 17: N\u00f3s semeamos nos perdidos[:pb]Dia 17: N\u00f3s semeamos nos perdidos[:] | Brazil\" \/>\n<meta property=\"og:description\" content=\"[:en]A resposta de Deus n\u00e3o \u00e9 nem mais nem menos do que voc\u00ea mesmo.[:pb]A resposta de Deus n\u00e3o \u00e9 nem mais nem menos do que voc\u00ea mesmo.[:]\" \/>\n<meta property=\"og:url\" content=\"https:\/\/hillsong.com\/brazil\/da\/blog\/2022\/11\/dia-17-nos-semeamos-nos-perdidos\/\" \/>\n<meta property=\"og:site_name\" content=\"Brazil\" \/>\n<meta property=\"article:published_time\" content=\"2022-11-23T03:34:33+00:00\" \/>\n<meta name=\"twitter:card\" content=\"summary_large_image\" \/>\n<meta name=\"twitter:label1\" content=\"Written by\" \/>\n\t<meta name=\"twitter:data1\" content=\"Arthur Zarpelon\" \/>\n\t<meta name=\"twitter:label2\" content=\"Est. reading time\" \/>\n\t<meta name=\"twitter:data2\" content=\"7 minutes\" \/>\n<script type=\"application\/ld+json\" class=\"yoast-schema-graph\">{\"@context\":\"https:\/\/schema.org\",\"@graph\":[{\"@type\":\"Organization\",\"@id\":\"https:\/\/hillsong.com\/brazil\/no\/#organization\",\"name\":\"Hillsong Church Brasil\",\"url\":\"https:\/\/hillsong.com\/brazil\/no\/\",\"sameAs\":[],\"logo\":{\"@type\":\"ImageObject\",\"inLanguage\":\"pt-PT\",\"@id\":\"https:\/\/hillsong.com\/brazil\/no\/#\/schema\/logo\/image\/\",\"url\":\"https:\/\/cdn.hillsong.com\/wp-content\/uploads\/sites\/36\/2025\/08\/31011329\/hsp-logo-bk-outline.png\",\"contentUrl\":\"https:\/\/cdn.hillsong.com\/wp-content\/uploads\/sites\/36\/2025\/08\/31011329\/hsp-logo-bk-outline.png\",\"width\":600,\"height\":600,\"caption\":\"Hillsong Church Brasil\"},\"image\":{\"@id\":\"https:\/\/hillsong.com\/brazil\/no\/#\/schema\/logo\/image\/\"}},{\"@type\":\"WebSite\",\"@id\":\"https:\/\/hillsong.com\/brazil\/no\/#website\",\"url\":\"https:\/\/hillsong.com\/brazil\/no\/\",\"name\":\"Brazil\",\"description\":\"\",\"publisher\":{\"@id\":\"https:\/\/hillsong.com\/brazil\/no\/#organization\"},\"potentialAction\":[{\"@type\":\"SearchAction\",\"target\":{\"@type\":\"EntryPoint\",\"urlTemplate\":\"https:\/\/hillsong.com\/brazil\/no\/?s={search_term_string}\"},\"query-input\":\"required name=search_term_string\"}],\"inLanguage\":\"pt-PT\"},{\"@type\":\"WebPage\",\"@id\":\"https:\/\/hillsong.com\/brazil\/da\/blog\/2022\/11\/dia-17-nos-semeamos-nos-perdidos\/#webpage\",\"url\":\"https:\/\/hillsong.com\/brazil\/da\/blog\/2022\/11\/dia-17-nos-semeamos-nos-perdidos\/\",\"name\":\"[:en]Dia 17: N\u00f3s semeamos nos perdidos[:pb]Dia 17: N\u00f3s semeamos nos perdidos[:] | Brazil\",\"isPartOf\":{\"@id\":\"https:\/\/hillsong.com\/brazil\/no\/#website\"},\"datePublished\":\"2022-11-23T03:34:33+00:00\",\"dateModified\":\"2022-11-23T03:34:33+00:00\",\"breadcrumb\":{\"@id\":\"https:\/\/hillsong.com\/brazil\/da\/blog\/2022\/11\/dia-17-nos-semeamos-nos-perdidos\/#breadcrumb\"},\"inLanguage\":\"pt-PT\",\"potentialAction\":[{\"@type\":\"ReadAction\",\"target\":[\"https:\/\/hillsong.com\/brazil\/da\/blog\/2022\/11\/dia-17-nos-semeamos-nos-perdidos\/\"]}]},{\"@type\":\"BreadcrumbList\",\"@id\":\"https:\/\/hillsong.com\/brazil\/da\/blog\/2022\/11\/dia-17-nos-semeamos-nos-perdidos\/#breadcrumb\",\"itemListElement\":[{\"@type\":\"ListItem\",\"position\":1,\"name\":\"Home\",\"item\":\"https:\/\/hillsong.com\/brazil\/no\/\"},{\"@type\":\"ListItem\",\"position\":2,\"name\":\"Dia 17: N\u00f3s semeamos nos perdidos\"}]},{\"@type\":\"Article\",\"@id\":\"https:\/\/hillsong.com\/brazil\/da\/blog\/2022\/11\/dia-17-nos-semeamos-nos-perdidos\/#article\",\"isPartOf\":{\"@id\":\"https:\/\/hillsong.com\/brazil\/da\/blog\/2022\/11\/dia-17-nos-semeamos-nos-perdidos\/#webpage\"},\"author\":{\"@id\":\"https:\/\/hillsong.com\/brazil\/no\/#\/schema\/person\/ccf8274a6836227f96f928909590a539\"},\"headline\":\"Dia 17: N\u00f3s semeamos nos perdidos\",\"datePublished\":\"2022-11-23T03:34:33+00:00\",\"dateModified\":\"2022-11-23T03:34:33+00:00\",\"mainEntityOfPage\":{\"@id\":\"https:\/\/hillsong.com\/brazil\/da\/blog\/2022\/11\/dia-17-nos-semeamos-nos-perdidos\/#webpage\"},\"wordCount\":1494,\"commentCount\":0,\"publisher\":{\"@id\":\"https:\/\/hillsong.com\/brazil\/no\/#organization\"},\"articleSection\":[\"Cora\u00e7\u00e3o Pela Casa 2022\",\"Sao Paulo\"],\"inLanguage\":\"pt-PT\",\"potentialAction\":[{\"@type\":\"CommentAction\",\"name\":\"Comment\",\"target\":[\"https:\/\/hillsong.com\/brazil\/da\/blog\/2022\/11\/dia-17-nos-semeamos-nos-perdidos\/#respond\"]}]},{\"@type\":\"Person\",\"@id\":\"https:\/\/hillsong.com\/brazil\/no\/#\/schema\/person\/ccf8274a6836227f96f928909590a539\",\"name\":\"Arthur Zarpelon\",\"image\":{\"@type\":\"ImageObject\",\"inLanguage\":\"pt-PT\",\"@id\":\"https:\/\/hillsong.com\/brazil\/no\/#\/schema\/person\/image\/\",\"url\":\"https:\/\/secure.gravatar.com\/avatar\/aabd2463ff89763f2f8db4d6d0ce376f?s=96&d=mm&r=g\",\"contentUrl\":\"https:\/\/secure.gravatar.com\/avatar\/aabd2463ff89763f2f8db4d6d0ce376f?s=96&d=mm&r=g\",\"caption\":\"Arthur Zarpelon\"},\"url\":\"https:\/\/hillsong.com\/brazil\/pt\/author\/arthurzarpelon\/\"}]}<\/script>\n<!-- \/ Yoast SEO plugin. -->","yoast_head_json":{"title":"[:en]Dia 17: N\u00f3s semeamos nos perdidos[:pb]Dia 17: N\u00f3s semeamos nos perdidos[:] | Brazil","robots":{"index":"index","follow":"follow","max-snippet":"max-snippet:-1","max-image-preview":"max-image-preview:large","max-video-preview":"max-video-preview:-1"},"canonical":"https:\/\/hillsong.com\/brazil\/da\/blog\/2022\/11\/dia-17-nos-semeamos-nos-perdidos\/","og_locale":"pt_PT","og_type":"article","og_title":"[:en]Dia 17: N\u00f3s semeamos nos perdidos[:pb]Dia 17: N\u00f3s semeamos nos perdidos[:] | Brazil","og_description":"[:en]A resposta de Deus n\u00e3o \u00e9 nem mais nem menos do que voc\u00ea mesmo.[:pb]A resposta de Deus n\u00e3o \u00e9 nem mais nem menos do que voc\u00ea mesmo.[:]","og_url":"https:\/\/hillsong.com\/brazil\/da\/blog\/2022\/11\/dia-17-nos-semeamos-nos-perdidos\/","og_site_name":"Brazil","article_published_time":"2022-11-23T03:34:33+00:00","twitter_card":"summary_large_image","twitter_misc":{"Written by":"Arthur Zarpelon","Est. reading time":"7 minutes"},"schema":{"@context":"https:\/\/schema.org","@graph":[{"@type":"Organization","@id":"https:\/\/hillsong.com\/brazil\/no\/#organization","name":"Hillsong Church Brasil","url":"https:\/\/hillsong.com\/brazil\/no\/","sameAs":[],"logo":{"@type":"ImageObject","inLanguage":"pt-PT","@id":"https:\/\/hillsong.com\/brazil\/no\/#\/schema\/logo\/image\/","url":"https:\/\/cdn.hillsong.com\/wp-content\/uploads\/sites\/36\/2025\/08\/31011329\/hsp-logo-bk-outline.png","contentUrl":"https:\/\/cdn.hillsong.com\/wp-content\/uploads\/sites\/36\/2025\/08\/31011329\/hsp-logo-bk-outline.png","width":600,"height":600,"caption":"Hillsong Church Brasil"},"image":{"@id":"https:\/\/hillsong.com\/brazil\/no\/#\/schema\/logo\/image\/"}},{"@type":"WebSite","@id":"https:\/\/hillsong.com\/brazil\/no\/#website","url":"https:\/\/hillsong.com\/brazil\/no\/","name":"Brazil","description":"","publisher":{"@id":"https:\/\/hillsong.com\/brazil\/no\/#organization"},"potentialAction":[{"@type":"SearchAction","target":{"@type":"EntryPoint","urlTemplate":"https:\/\/hillsong.com\/brazil\/no\/?s={search_term_string}"},"query-input":"required name=search_term_string"}],"inLanguage":"pt-PT"},{"@type":"WebPage","@id":"https:\/\/hillsong.com\/brazil\/da\/blog\/2022\/11\/dia-17-nos-semeamos-nos-perdidos\/#webpage","url":"https:\/\/hillsong.com\/brazil\/da\/blog\/2022\/11\/dia-17-nos-semeamos-nos-perdidos\/","name":"[:en]Dia 17: N\u00f3s semeamos nos perdidos[:pb]Dia 17: N\u00f3s semeamos nos perdidos[:] | Brazil","isPartOf":{"@id":"https:\/\/hillsong.com\/brazil\/no\/#website"},"datePublished":"2022-11-23T03:34:33+00:00","dateModified":"2022-11-23T03:34:33+00:00","breadcrumb":{"@id":"https:\/\/hillsong.com\/brazil\/da\/blog\/2022\/11\/dia-17-nos-semeamos-nos-perdidos\/#breadcrumb"},"inLanguage":"pt-PT","potentialAction":[{"@type":"ReadAction","target":["https:\/\/hillsong.com\/brazil\/da\/blog\/2022\/11\/dia-17-nos-semeamos-nos-perdidos\/"]}]},{"@type":"BreadcrumbList","@id":"https:\/\/hillsong.com\/brazil\/da\/blog\/2022\/11\/dia-17-nos-semeamos-nos-perdidos\/#breadcrumb","itemListElement":[{"@type":"ListItem","position":1,"name":"Home","item":"https:\/\/hillsong.com\/brazil\/no\/"},{"@type":"ListItem","position":2,"name":"Dia 17: N\u00f3s semeamos nos perdidos"}]},{"@type":"Article","@id":"https:\/\/hillsong.com\/brazil\/da\/blog\/2022\/11\/dia-17-nos-semeamos-nos-perdidos\/#article","isPartOf":{"@id":"https:\/\/hillsong.com\/brazil\/da\/blog\/2022\/11\/dia-17-nos-semeamos-nos-perdidos\/#webpage"},"author":{"@id":"https:\/\/hillsong.com\/brazil\/no\/#\/schema\/person\/ccf8274a6836227f96f928909590a539"},"headline":"Dia 17: N\u00f3s semeamos nos perdidos","datePublished":"2022-11-23T03:34:33+00:00","dateModified":"2022-11-23T03:34:33+00:00","mainEntityOfPage":{"@id":"https:\/\/hillsong.com\/brazil\/da\/blog\/2022\/11\/dia-17-nos-semeamos-nos-perdidos\/#webpage"},"wordCount":1494,"commentCount":0,"publisher":{"@id":"https:\/\/hillsong.com\/brazil\/no\/#organization"},"articleSection":["Cora\u00e7\u00e3o Pela Casa 2022","Sao Paulo"],"inLanguage":"pt-PT","potentialAction":[{"@type":"CommentAction","name":"Comment","target":["https:\/\/hillsong.com\/brazil\/da\/blog\/2022\/11\/dia-17-nos-semeamos-nos-perdidos\/#respond"]}]},{"@type":"Person","@id":"https:\/\/hillsong.com\/brazil\/no\/#\/schema\/person\/ccf8274a6836227f96f928909590a539","name":"Arthur Zarpelon","image":{"@type":"ImageObject","inLanguage":"pt-PT","@id":"https:\/\/hillsong.com\/brazil\/no\/#\/schema\/person\/image\/","url":"https:\/\/secure.gravatar.com\/avatar\/aabd2463ff89763f2f8db4d6d0ce376f?s=96&d=mm&r=g","contentUrl":"https:\/\/secure.gravatar.com\/avatar\/aabd2463ff89763f2f8db4d6d0ce376f?s=96&d=mm&r=g","caption":"Arthur Zarpelon"},"url":"https:\/\/hillsong.com\/brazil\/pt\/author\/arthurzarpelon\/"}]}},"_links":{"self":[{"href":"https:\/\/hillsong.com\/brazil\/pt\/wp-json\/wp\/v2\/posts\/636633"}],"collection":[{"href":"https:\/\/hillsong.com\/brazil\/pt\/wp-json\/wp\/v2\/posts"}],"about":[{"href":"https:\/\/hillsong.com\/brazil\/pt\/wp-json\/wp\/v2\/types\/post"}],"author":[{"embeddable":true,"href":"https:\/\/hillsong.com\/brazil\/pt\/wp-json\/wp\/v2\/users\/54117"}],"replies":[{"embeddable":true,"href":"https:\/\/hillsong.com\/brazil\/pt\/wp-json\/wp\/v2\/comments?post=636633"}],"version-history":[{"count":2,"href":"https:\/\/hillsong.com\/brazil\/pt\/wp-json\/wp\/v2\/posts\/636633\/revisions"}],"predecessor-version":[{"id":636650,"href":"https:\/\/hillsong.com\/brazil\/pt\/wp-json\/wp\/v2\/posts\/636633\/revisions\/636650"}],"wp:attachment":[{"href":"https:\/\/hillsong.com\/brazil\/pt\/wp-json\/wp\/v2\/media?parent=636633"}],"wp:term":[{"taxonomy":"category","embeddable":true,"href":"https:\/\/hillsong.com\/brazil\/pt\/wp-json\/wp\/v2\/categories?post=636633"},{"taxonomy":"post_tag","embeddable":true,"href":"https:\/\/hillsong.com\/brazil\/pt\/wp-json\/wp\/v2\/tags?post=636633"}],"curies":[{"name":"wp","href":"https:\/\/api.w.org\/{rel}","templated":true}]}}