{"id":35646,"date":"2015-06-03T00:00:00","date_gmt":"2015-06-03T00:00:00","guid":{"rendered":"http:\/\/hillsong.com\/?p=35646"},"modified":"2024-11-28T13:19:52","modified_gmt":"2024-11-28T13:19:52","slug":"baptemes","status":"publish","type":"post","link":"https:\/\/hillsong.com\/france\/es\/event\/2015\/06\/baptemes\/","title":{"rendered":"Baptisms (Paris)"},"content":{"rendered":"<p class=\"qtranxs-available-languages-message qtranxs-available-languages-message-es\">Disculpa, pero esta entrada est\u00e1 disponible s\u00f3lo en <a href=\"https:\/\/hillsong.com\/france\/en\/wp-json\/wp\/v2\/posts\/35646\/\" class=\"qtranxs-available-language-link qtranxs-available-language-link-en\" title=\"English\">Ingl\u00e9s Estadounidense<\/a> y <a href=\"https:\/\/hillsong.com\/france\/fr\/wp-json\/wp\/v2\/posts\/35646\/\" class=\"qtranxs-available-language-link qtranxs-available-language-link-fr\" title=\"Fran\u00e7ais\">Franc\u00e9s<\/a>.<\/p><p>Getting water-baptised is the perfect next step if you&#8217;ve recently decided to follow Jesus!<\/p>\n<p>If you would like to get baptised, sign up for our next baptisms on <strong>Saturday the 23rd of July<\/strong>.<\/p>\n<p>We will be holding an Info Session for those who would like to learn more about water baptism on <strong>Thursday the 23rd of June, on Zoom<\/strong> \u00a0and you can register for this session here:\u00a0<a href=\"https:\/\/hillsong.com\/france\/fr\/baptemes\/\">hillsong.fr\/baptemes<\/a>.<\/p>","protected":false},"excerpt":{"rendered":"<p>Disculpa, pero esta entrada est\u00e1 disponible s\u00f3lo en Ingl\u00e9s Estadounidense y Franc\u00e9s.Getting water-baptised is the perfect next step if you&#8217;ve recently decided to follow Jesus! If you would like to get baptised, sign up for our next baptisms on Saturday the 23rd of July. We will be holding an Info Session for those who would [&hellip;]<\/p>\n","protected":false},"author":14609,"featured_media":0,"comment_status":"open","ping_status":"closed","sticky":false,"template":"","format":"standard","meta":{"footnotes":""},"categories":[167,165],"tags":[225,226],"acf":[],"yoast_head":"<!-- This site is optimized with the Yoast SEO plugin v18.9 - https:\/\/yoast.com\/wordpress\/plugins\/seo\/ -->\n<title><\/title>\n<meta name=\"robots\" content=\"index, follow, max-snippet:-1, max-image-preview:large, max-video-preview:-1\" \/>\n<link rel=\"canonical\" href=\"https:\/\/hillsong.com\/france\/event\/2015\/06\/baptemes\/\" \/>\n<meta property=\"og:locale\" content=\"es_ES\" \/>\n<meta property=\"og:type\" content=\"article\" \/>\n<meta property=\"og:title\" content=\"[:en]Baptisms (Paris)[:fr]Bapt\u00eames (Paris)[:] - France\" \/>\n<meta property=\"og:description\" content=\"Disculpa, pero esta entrada est\u00e1 disponible s\u00f3lo en Ingl\u00e9s Estadounidense y Franc\u00e9s.Getting water-baptised is the perfect next step if you&#8217;ve recently decided to follow Jesus! If you would like to get baptised, sign up for our next baptisms on Saturday the 23rd of July. We will be holding an Info Session for those who would [&hellip;]\" \/>\n<meta property=\"og:url\" content=\"https:\/\/hillsong.com\/france\/event\/2015\/06\/baptemes\/\" \/>\n<meta property=\"og:site_name\" content=\"France\" \/>\n<meta property=\"article:published_time\" content=\"2015-06-03T00:00:00+00:00\" \/>\n<meta property=\"article:modified_time\" content=\"2024-11-28T13:19:52+00:00\" \/>\n<meta name=\"twitter:card\" content=\"summary_large_image\" \/>\n<meta name=\"twitter:label1\" content=\"Written by\" \/>\n\t<meta name=\"twitter:data1\" content=\"francisco.cabral.433046\" \/>\n\t<meta name=\"twitter:label2\" content=\"Est. reading time\" \/>\n\t<meta name=\"twitter:data2\" content=\"1 minute\" \/>\n<script type=\"application\/ld+json\" class=\"yoast-schema-graph\">{\"@context\":\"https:\/\/schema.org\",\"@graph\":[{\"@type\":\"WebSite\",\"@id\":\"https:\/\/hillsong.com\/france\/sv\/#website\",\"url\":\"https:\/\/hillsong.com\/france\/sv\/\",\"name\":\"France\",\"description\":\"\",\"potentialAction\":[{\"@type\":\"SearchAction\",\"target\":{\"@type\":\"EntryPoint\",\"urlTemplate\":\"https:\/\/hillsong.com\/france\/sv\/?s={search_term_string}\"},\"query-input\":\"required name=search_term_string\"}],\"inLanguage\":\"es-ES\"},{\"@type\":\"WebPage\",\"@id\":\"https:\/\/hillsong.com\/france\/event\/2015\/06\/baptemes\/#webpage\",\"url\":\"https:\/\/hillsong.com\/france\/event\/2015\/06\/baptemes\/\",\"name\":\"[:en]Baptisms (Paris)[:fr]Bapt\u00eames (Paris)[:] - France\",\"isPartOf\":{\"@id\":\"https:\/\/hillsong.com\/france\/sv\/#website\"},\"datePublished\":\"2015-06-03T00:00:00+00:00\",\"dateModified\":\"2024-11-28T13:19:52+00:00\",\"author\":{\"@id\":\"https:\/\/hillsong.com\/france\/sv\/#\/schema\/person\/b293b4069d30b63f903c5aecc8c96eb7\"},\"breadcrumb\":{\"@id\":\"https:\/\/hillsong.com\/france\/event\/2015\/06\/baptemes\/#breadcrumb\"},\"inLanguage\":\"es-ES\",\"potentialAction\":[{\"@type\":\"ReadAction\",\"target\":[\"https:\/\/hillsong.com\/france\/event\/2015\/06\/baptemes\/\"]}]},{\"@type\":\"BreadcrumbList\",\"@id\":\"https:\/\/hillsong.com\/france\/event\/2015\/06\/baptemes\/#breadcrumb\",\"itemListElement\":[{\"@type\":\"ListItem\",\"position\":1,\"name\":\"Home\",\"item\":\"https:\/\/hillsong.com\/france\/\"},{\"@type\":\"ListItem\",\"position\":2,\"name\":\"Baptisms (Paris)\"}]},{\"@type\":\"Person\",\"@id\":\"https:\/\/hillsong.com\/france\/sv\/#\/schema\/person\/b293b4069d30b63f903c5aecc8c96eb7\",\"name\":\"francisco.cabral.433046\",\"image\":{\"@type\":\"ImageObject\",\"inLanguage\":\"es-ES\",\"@id\":\"https:\/\/hillsong.com\/france\/sv\/#\/schema\/person\/image\/\",\"url\":\"https:\/\/secure.gravatar.com\/avatar\/0de6061e835ea25339ec1a9a5300fb0e?s=96&d=mm&r=g\",\"contentUrl\":\"https:\/\/secure.gravatar.com\/avatar\/0de6061e835ea25339ec1a9a5300fb0e?s=96&d=mm&r=g\",\"caption\":\"francisco.cabral.433046\"},\"url\":\"https:\/\/hillsong.com\/france\/es\/author\/francisco-cabral-433046\/\"}]}<\/script>\n<!-- \/ Yoast SEO plugin. -->","yoast_head_json":{"title":"[:en]Baptisms (Paris)[:fr]Bapt\u00eames (Paris)[:] - France","robots":{"index":"index","follow":"follow","max-snippet":"max-snippet:-1","max-image-preview":"max-image-preview:large","max-video-preview":"max-video-preview:-1"},"canonical":"https:\/\/hillsong.com\/france\/event\/2015\/06\/baptemes\/","og_locale":"es_ES","og_type":"article","og_title":"[:en]Baptisms (Paris)[:fr]Bapt\u00eames (Paris)[:] - France","og_description":"Disculpa, pero esta entrada est\u00e1 disponible s\u00f3lo en Ingl\u00e9s Estadounidense y Franc\u00e9s.Getting water-baptised is the perfect next step if you&#8217;ve recently decided to follow Jesus! If you would like to get baptised, sign up for our next baptisms on Saturday the 23rd of July. We will be holding an Info Session for those who would [&hellip;]","og_url":"https:\/\/hillsong.com\/france\/event\/2015\/06\/baptemes\/","og_site_name":"France","article_published_time":"2015-06-03T00:00:00+00:00","article_modified_time":"2024-11-28T13:19:52+00:00","twitter_card":"summary_large_image","twitter_misc":{"Written by":"francisco.cabral.433046","Est. reading time":"1 minute"},"schema":{"@context":"https:\/\/schema.org","@graph":[{"@type":"WebSite","@id":"https:\/\/hillsong.com\/france\/sv\/#website","url":"https:\/\/hillsong.com\/france\/sv\/","name":"France","description":"","potentialAction":[{"@type":"SearchAction","target":{"@type":"EntryPoint","urlTemplate":"https:\/\/hillsong.com\/france\/sv\/?s={search_term_string}"},"query-input":"required name=search_term_string"}],"inLanguage":"es-ES"},{"@type":"WebPage","@id":"https:\/\/hillsong.com\/france\/event\/2015\/06\/baptemes\/#webpage","url":"https:\/\/hillsong.com\/france\/event\/2015\/06\/baptemes\/","name":"[:en]Baptisms (Paris)[:fr]Bapt\u00eames (Paris)[:] - France","isPartOf":{"@id":"https:\/\/hillsong.com\/france\/sv\/#website"},"datePublished":"2015-06-03T00:00:00+00:00","dateModified":"2024-11-28T13:19:52+00:00","author":{"@id":"https:\/\/hillsong.com\/france\/sv\/#\/schema\/person\/b293b4069d30b63f903c5aecc8c96eb7"},"breadcrumb":{"@id":"https:\/\/hillsong.com\/france\/event\/2015\/06\/baptemes\/#breadcrumb"},"inLanguage":"es-ES","potentialAction":[{"@type":"ReadAction","target":["https:\/\/hillsong.com\/france\/event\/2015\/06\/baptemes\/"]}]},{"@type":"BreadcrumbList","@id":"https:\/\/hillsong.com\/france\/event\/2015\/06\/baptemes\/#breadcrumb","itemListElement":[{"@type":"ListItem","position":1,"name":"Home","item":"https:\/\/hillsong.com\/france\/"},{"@type":"ListItem","position":2,"name":"Baptisms (Paris)"}]},{"@type":"Person","@id":"https:\/\/hillsong.com\/france\/sv\/#\/schema\/person\/b293b4069d30b63f903c5aecc8c96eb7","name":"francisco.cabral.433046","image":{"@type":"ImageObject","inLanguage":"es-ES","@id":"https:\/\/hillsong.com\/france\/sv\/#\/schema\/person\/image\/","url":"https:\/\/secure.gravatar.com\/avatar\/0de6061e835ea25339ec1a9a5300fb0e?s=96&d=mm&r=g","contentUrl":"https:\/\/secure.gravatar.com\/avatar\/0de6061e835ea25339ec1a9a5300fb0e?s=96&d=mm&r=g","caption":"francisco.cabral.433046"},"url":"https:\/\/hillsong.com\/france\/es\/author\/francisco-cabral-433046\/"}]}},"_links":{"self":[{"href":"https:\/\/hillsong.com\/france\/es\/wp-json\/wp\/v2\/posts\/35646"}],"collection":[{"href":"https:\/\/hillsong.com\/france\/es\/wp-json\/wp\/v2\/posts"}],"about":[{"href":"https:\/\/hillsong.com\/france\/es\/wp-json\/wp\/v2\/types\/post"}],"author":[{"embeddable":true,"href":"https:\/\/hillsong.com\/france\/es\/wp-json\/wp\/v2\/users\/14609"}],"replies":[{"embeddable":true,"href":"https:\/\/hillsong.com\/france\/es\/wp-json\/wp\/v2\/comments?post=35646"}],"version-history":[{"count":3,"href":"https:\/\/hillsong.com\/france\/es\/wp-json\/wp\/v2\/posts\/35646\/revisions"}],"predecessor-version":[{"id":636866,"href":"https:\/\/hillsong.com\/france\/es\/wp-json\/wp\/v2\/posts\/35646\/revisions\/636866"}],"wp:attachment":[{"href":"https:\/\/hillsong.com\/france\/es\/wp-json\/wp\/v2\/media?parent=35646"}],"wp:term":[{"taxonomy":"category","embeddable":true,"href":"https:\/\/hillsong.com\/france\/es\/wp-json\/wp\/v2\/categories?post=35646"},{"taxonomy":"post_tag","embeddable":true,"href":"https:\/\/hillsong.com\/france\/es\/wp-json\/wp\/v2\/tags?post=35646"}],"curies":[{"name":"wp","href":"https:\/\/api.w.org\/{rel}","templated":true}]}}