{"id":632262,"date":"2021-01-03T09:04:43","date_gmt":"2021-01-03T09:04:43","guid":{"rendered":"https:\/\/hillsong.com\/france\/?p=632262"},"modified":"2021-01-06T14:37:09","modified_gmt":"2021-01-06T14:37:09","slug":"jour-3-vivre-de-la-parole-de-dieu","status":"publish","type":"post","link":"https:\/\/hillsong.com\/france\/fr\/blog\/2021\/01\/jour-3-vivre-de-la-parole-de-dieu\/","title":{"rendered":"JOUR 3 : Vivre de la Parole de Dieu"},"content":{"rendered":"<p><\/p>\n<p class=\"Default\"><span lang=\"FR\">La connexion inh\u00e9rente entre votre esprit, votre \u00e2me et votre corps signifie que ce qui affecte l&#8217;un affecte aussi l&#8217;autre, \u00e0 la fois positivement et n\u00e9gativement. Avoir une \u00e2me en paix commence par s&#8217;occuper de son \u00e9tat spirituel. Et la Parole de Dieu fait partie int\u00e9grante du bien-\u00eatre de votre \u00e2me.<\/span><\/p>\n<p class=\"Default\"><span lang=\"FR\"><strong>H\u00e9breux 4:12 (S21)<\/strong> nous dit ceci : <i>\u00ab Car la Parole de Dieu est <u>vivante<\/u> et <u>efficace<\/u>, <u>plus tranchante qu&#8217;une \u00e9p\u00e9e quelconque \u00e0 deux tranchants, p\u00e9n\u00e9trante jusqu&#8217;\u00e0 partager \u00e2me et esprit<\/u>, jointures et moelles\u00a0; elle <u>juge les sentiments et les pens\u00e9es du c\u0153ur.<\/u> \u00bb<\/i><\/span><i><\/i><\/p>\n<p class=\"Default\"><span lang=\"FR\">Ce verset puissant r\u00e9v\u00e8le cinq caract\u00e9ristiques cl\u00e9s de la Parole de Dieu :<\/span><\/p>\n<p class=\"Default\"><b><span lang=\"FR\">La Parole de Dieu est VIVANTE<\/span><\/b><span lang=\"FR\">. La Bible est souvent appel\u00e9e la <i>Parole Vivante<\/i>. Dans la parabole du semeur, J\u00e9sus compare la Parole de Dieu \u00e0 une semence (voir <strong>Luc 8<\/strong>). Lorsque vous recevez la Parole de Dieu, c&#8217;est comme une semence\u2026 Elle ne semble pas avoir de vie en elle, mais une fois qu&#8217;elle est sem\u00e9e dans une bonne terre, elle a le potentiel de produire de grandes choses dans votre vie. Plant\u00e9e dans le sol fertile de votre c\u0153ur, la Parole de Dieu reproduira la nature de Christ en vous.<\/span><\/p>\n<p class=\"Default\"><b><span lang=\"FR\">La Parole de Dieu est PUISSANTE.<\/span><\/b><span lang=\"FR\"> Tout comme un grand arbre commence en tant que semence dans le sol, la Parole de Dieu en vous a un pouvoir cr\u00e9ateur et transformateur. Lorsque vous vous nourrissez de la Parole de Dieu, elle commence \u00e0 vous transformer de l<\/span><span dir=\"RTL\" lang=\"AR-SA\">\u2019<\/span><span lang=\"FR\">int\u00e9rieur vers l<\/span><span dir=\"RTL\" lang=\"AR-SA\">\u2019<\/span><span lang=\"FR\">ext\u00e9rieur.<\/span><\/p>\n<p class=\"Default\"><b><span lang=\"FR\">La Parole de Dieu\u00a0est PLUS TRANCHANTE QU<\/span><\/b><b><span dir=\"RTL\" lang=\"AR-SA\">\u2019<\/span><\/b><b><span lang=\"FR\">UNE \u00c9P\u00c9E \u00c0 DOUBLE TRANCHANT<\/span><\/b><span lang=\"FR\">. Tout ce qui vous affecte physiquement vous affecte \u00e9galement \u00e9motionnellement et spirituellement. Par exemple, la maladie ou d<\/span><span dir=\"RTL\" lang=\"AR-SA\">\u2019<\/span><span lang=\"FR\">autres circonstances difficiles ont un impact sur la fa\u00e7on dont vous vous sentez. Les \u00e9motions n\u00e9gatives que vous pouvez ressentir provoquent des r\u00e9actions physiques n\u00e9gatives dans votre corps, tout comme les \u00e9motions positives le font d&#8217;une mani\u00e8re positive (voir <strong>Proverbes 17:22<\/strong>). La Parole de Dieu peut discerner entre votre \u00e2me et votre esprit. <strong>Proverbes 3:6 (S21)<\/strong> nous dit : <i>\u00ab Reconnais-Le dans toutes tes voies et Il rendra tes sentiers droits. \u00bb<\/i><\/span><i><\/i><\/p>\n<p class=\"Default\"><b><span lang=\"FR\">La Parole de Dieu DISCERNE L\u2019\u00c2ME ET L\u2019ESPRIT<\/span><\/b><span lang=\"FR\">. Il peut \u00eatre difficile de conna\u00eetre les v\u00e9ritables motivations de votre c\u0153ur. David savait cela quand il a cri\u00e9 : <i>\u00ab\u00a0Examine-moi, \u00f4 Dieu, et connais mon c\u0153ur, mets-moi \u00e0 l\u2019\u00e9preuve et connais mes pens\u00e9es\u00a0! Regarde si je suis sur une mauvaise voie et conduis-moi sur la voie de l\u2019\u00e9ternit\u00e9\u00a0! \u00bb <\/i><strong>\u2014Psaumes 139:23-24 (S21)<\/strong>. La Parole de Dieu peut p\u00e9n\u00e9trer votre \u00e2me et votre esprit avec une pr\u00e9cision chirurgicale ; elle a la capacit\u00e9 de percer votre vie et d&#8217;exposer la v\u00e9rit\u00e9 pour d\u00e9voiler Christ en vous d&#8217;une mani\u00e8re in\u00e9dite.<\/span><\/p>\n<p class=\"Default\"><b><span lang=\"FR\">La Parole de Dieu EXPOSE NOS PENS\u00c9ES LES PLUS SECR\u00c8TES ET LA MOTIVATION DE NOTRE C\u0152UR<\/span><\/b><span lang=\"FR\">. La connaissance et la compr\u00e9hension de vous-m\u00eame peuvent impliquer des confrontations douloureuses avec vos faiblesses. Mais le fait d<\/span><span dir=\"RTL\" lang=\"AR-SA\">\u2019<\/span><span lang=\"FR\">acqu\u00e9rir la conscience de vous-m\u00eame d&#8217;une mani\u00e8re qui aligne votre vie avec Dieu et l&#8217;image de Christ en vous apporte une r\u00e9elle libert\u00e9 et la paix int\u00e9rieure. J\u00e9r\u00e9mie a dit que le c\u0153ur humain est tortueux \u00ab plus que tout \u00bb, au-del\u00e0 de notre compr\u00e9hension. Nous avons besoin de la Parole de Dieu et de Son aide pour d\u00e9celer les choses cach\u00e9es dont nous ne sommes pas conscients \u2013 des choses qui menacent de limiter ou de saboter nos vies. N&#8217;oubliez pas que c&#8217;est la<i> <u>connaissance<\/u><\/i> de la v\u00e9rit\u00e9 qui vous rend libres.<\/span><\/p>\n<p class=\"Default\"><b><span lang=\"FR\">Faites de la pri\u00e8re de David la v\u00f4tre :<\/span><\/b><\/p>\n<p class=\"Default\"><i><span lang=\"FR\">\u00ab\u00a0<\/span><\/i><i>Tout le monde fait des erreurs sans le savoir\u00a0: pardonne-moi les fautes qui m\u2019ont \u00e9chapp\u00e9.<\/i> <i>Pr\u00e9serve-moi encore des insolents, fais qu\u2019ils n\u2019aient aucune prise sur moi. Alors je serai sans reproche, et pr\u00e9serv\u00e9 d\u2019une faute grave.<\/i> <i>Ce que j\u2019ai dit et m\u00e9dit\u00e9 devant <\/i><i><span lang=\"FR-CA\">T<\/span><\/i><i>oi, j\u2019esp\u00e8re que cela <\/i><i><span lang=\"FR-CA\">T<\/span><\/i><i>e sera agr\u00e9able, Seigneur, mon Rocher, mon D\u00e9fenseur.<\/i><i><span lang=\"FR-CA\">\u00a0\u00bb\u00a0<\/span><\/i><strong>\u2014Psaumes 19:13-15 (BFC)<\/strong><\/p>\n<p><\/p>","protected":false},"excerpt":{"rendered":"<p>Avoir une \u00e2me en paix commence par s&#8217;occuper de son \u00e9tat spirituel. Et la Parole de Dieu fait partie int\u00e9grante du bien-\u00eatre de votre \u00e2me.<\/p>\n","protected":false},"author":14609,"featured_media":0,"comment_status":"open","ping_status":"open","sticky":false,"template":"","format":"standard","meta":{"footnotes":""},"categories":[172,165,15407],"tags":[325,15050,15409,15408],"acf":[],"yoast_head":"<!-- This site is optimized with the Yoast SEO plugin v18.9 - https:\/\/yoast.com\/wordpress\/plugins\/seo\/ -->\n<title>JOUR 3 : Vivre de la Parole de Dieu - France<\/title>\n<meta name=\"robots\" content=\"index, follow, max-snippet:-1, max-image-preview:large, max-video-preview:-1\" \/>\n<link rel=\"canonical\" href=\"https:\/\/hillsong.com\/france\/ja\/blog\/2021\/01\/jour-3-vivre-de-la-parole-de-dieu\/\" \/>\n<meta property=\"og:locale\" content=\"fr_FR\" \/>\n<meta property=\"og:type\" content=\"article\" \/>\n<meta property=\"og:title\" content=\"[:en]DAY 3: Living by God\u2019s Word[:fr]JOUR 3 : Vivre de la Parole de Dieu[:] - France\" \/>\n<meta property=\"og:description\" content=\"[:en]The inherent connection between your spirit, soul, and body, means what affects one, affects the other \u2013 both positively and negatively.[:fr]Avoir une \u00e2me en paix commence par s&#039;occuper de son \u00e9tat spirituel. Et la Parole de Dieu fait partie int\u00e9grante du bien-\u00eatre de votre \u00e2me.[:]\" \/>\n<meta property=\"og:url\" content=\"https:\/\/hillsong.com\/france\/ja\/blog\/2021\/01\/jour-3-vivre-de-la-parole-de-dieu\/\" \/>\n<meta property=\"og:site_name\" content=\"France\" \/>\n<meta property=\"article:published_time\" content=\"2021-01-03T09:04:43+00:00\" \/>\n<meta property=\"article:modified_time\" content=\"2021-01-06T14:37:09+00:00\" \/>\n<meta name=\"twitter:card\" content=\"summary_large_image\" \/>\n<meta name=\"twitter:label1\" content=\"Written by\" \/>\n\t<meta name=\"twitter:data1\" content=\"francisco.cabral.433046\" \/>\n\t<meta name=\"twitter:label2\" content=\"Est. reading time\" \/>\n\t<meta name=\"twitter:data2\" content=\"6 minutes\" \/>\n<script type=\"application\/ld+json\" class=\"yoast-schema-graph\">{\"@context\":\"https:\/\/schema.org\",\"@graph\":[{\"@type\":\"WebSite\",\"@id\":\"https:\/\/hillsong.com\/france\/sv\/#website\",\"url\":\"https:\/\/hillsong.com\/france\/sv\/\",\"name\":\"France\",\"description\":\"\",\"potentialAction\":[{\"@type\":\"SearchAction\",\"target\":{\"@type\":\"EntryPoint\",\"urlTemplate\":\"https:\/\/hillsong.com\/france\/sv\/?s={search_term_string}\"},\"query-input\":\"required name=search_term_string\"}],\"inLanguage\":\"fr-FR\"},{\"@type\":\"WebPage\",\"@id\":\"https:\/\/hillsong.com\/france\/ja\/blog\/2021\/01\/jour-3-vivre-de-la-parole-de-dieu\/#webpage\",\"url\":\"https:\/\/hillsong.com\/france\/ja\/blog\/2021\/01\/jour-3-vivre-de-la-parole-de-dieu\/\",\"name\":\"[:en]DAY 3: Living by God\u2019s Word[:fr]JOUR 3 : Vivre de la Parole de Dieu[:] - France\",\"isPartOf\":{\"@id\":\"https:\/\/hillsong.com\/france\/sv\/#website\"},\"datePublished\":\"2021-01-03T09:04:43+00:00\",\"dateModified\":\"2021-01-06T14:37:09+00:00\",\"author\":{\"@id\":\"https:\/\/hillsong.com\/france\/sv\/#\/schema\/person\/b293b4069d30b63f903c5aecc8c96eb7\"},\"breadcrumb\":{\"@id\":\"https:\/\/hillsong.com\/france\/ja\/blog\/2021\/01\/jour-3-vivre-de-la-parole-de-dieu\/#breadcrumb\"},\"inLanguage\":\"fr-FR\",\"potentialAction\":[{\"@type\":\"ReadAction\",\"target\":[\"https:\/\/hillsong.com\/france\/ja\/blog\/2021\/01\/jour-3-vivre-de-la-parole-de-dieu\/\"]}]},{\"@type\":\"BreadcrumbList\",\"@id\":\"https:\/\/hillsong.com\/france\/ja\/blog\/2021\/01\/jour-3-vivre-de-la-parole-de-dieu\/#breadcrumb\",\"itemListElement\":[{\"@type\":\"ListItem\",\"position\":1,\"name\":\"Home\",\"item\":\"https:\/\/hillsong.com\/france\/\"},{\"@type\":\"ListItem\",\"position\":2,\"name\":\"DAY 3: Living by God\u2019s Word\"}]},{\"@type\":\"Person\",\"@id\":\"https:\/\/hillsong.com\/france\/sv\/#\/schema\/person\/b293b4069d30b63f903c5aecc8c96eb7\",\"name\":\"francisco.cabral.433046\",\"image\":{\"@type\":\"ImageObject\",\"inLanguage\":\"fr-FR\",\"@id\":\"https:\/\/hillsong.com\/france\/sv\/#\/schema\/person\/image\/\",\"url\":\"https:\/\/secure.gravatar.com\/avatar\/0de6061e835ea25339ec1a9a5300fb0e?s=96&d=mm&r=g\",\"contentUrl\":\"https:\/\/secure.gravatar.com\/avatar\/0de6061e835ea25339ec1a9a5300fb0e?s=96&d=mm&r=g\",\"caption\":\"francisco.cabral.433046\"},\"url\":\"https:\/\/hillsong.com\/france\/fr\/author\/francisco-cabral-433046\/\"}]}<\/script>\n<!-- \/ Yoast SEO plugin. -->","yoast_head_json":{"title":"[:en]DAY 3: Living by God\u2019s Word[:fr]JOUR 3 : Vivre de la Parole de Dieu[:] - France","robots":{"index":"index","follow":"follow","max-snippet":"max-snippet:-1","max-image-preview":"max-image-preview:large","max-video-preview":"max-video-preview:-1"},"canonical":"https:\/\/hillsong.com\/france\/ja\/blog\/2021\/01\/jour-3-vivre-de-la-parole-de-dieu\/","og_locale":"fr_FR","og_type":"article","og_title":"[:en]DAY 3: Living by God\u2019s Word[:fr]JOUR 3 : Vivre de la Parole de Dieu[:] - France","og_description":"[:en]The inherent connection between your spirit, soul, and body, means what affects one, affects the other \u2013 both positively and negatively.[:fr]Avoir une \u00e2me en paix commence par s'occuper de son \u00e9tat spirituel. Et la Parole de Dieu fait partie int\u00e9grante du bien-\u00eatre de votre \u00e2me.[:]","og_url":"https:\/\/hillsong.com\/france\/ja\/blog\/2021\/01\/jour-3-vivre-de-la-parole-de-dieu\/","og_site_name":"France","article_published_time":"2021-01-03T09:04:43+00:00","article_modified_time":"2021-01-06T14:37:09+00:00","twitter_card":"summary_large_image","twitter_misc":{"Written by":"francisco.cabral.433046","Est. reading time":"6 minutes"},"schema":{"@context":"https:\/\/schema.org","@graph":[{"@type":"WebSite","@id":"https:\/\/hillsong.com\/france\/sv\/#website","url":"https:\/\/hillsong.com\/france\/sv\/","name":"France","description":"","potentialAction":[{"@type":"SearchAction","target":{"@type":"EntryPoint","urlTemplate":"https:\/\/hillsong.com\/france\/sv\/?s={search_term_string}"},"query-input":"required name=search_term_string"}],"inLanguage":"fr-FR"},{"@type":"WebPage","@id":"https:\/\/hillsong.com\/france\/ja\/blog\/2021\/01\/jour-3-vivre-de-la-parole-de-dieu\/#webpage","url":"https:\/\/hillsong.com\/france\/ja\/blog\/2021\/01\/jour-3-vivre-de-la-parole-de-dieu\/","name":"[:en]DAY 3: Living by God\u2019s Word[:fr]JOUR 3 : Vivre de la Parole de Dieu[:] - France","isPartOf":{"@id":"https:\/\/hillsong.com\/france\/sv\/#website"},"datePublished":"2021-01-03T09:04:43+00:00","dateModified":"2021-01-06T14:37:09+00:00","author":{"@id":"https:\/\/hillsong.com\/france\/sv\/#\/schema\/person\/b293b4069d30b63f903c5aecc8c96eb7"},"breadcrumb":{"@id":"https:\/\/hillsong.com\/france\/ja\/blog\/2021\/01\/jour-3-vivre-de-la-parole-de-dieu\/#breadcrumb"},"inLanguage":"fr-FR","potentialAction":[{"@type":"ReadAction","target":["https:\/\/hillsong.com\/france\/ja\/blog\/2021\/01\/jour-3-vivre-de-la-parole-de-dieu\/"]}]},{"@type":"BreadcrumbList","@id":"https:\/\/hillsong.com\/france\/ja\/blog\/2021\/01\/jour-3-vivre-de-la-parole-de-dieu\/#breadcrumb","itemListElement":[{"@type":"ListItem","position":1,"name":"Home","item":"https:\/\/hillsong.com\/france\/"},{"@type":"ListItem","position":2,"name":"DAY 3: Living by God\u2019s Word"}]},{"@type":"Person","@id":"https:\/\/hillsong.com\/france\/sv\/#\/schema\/person\/b293b4069d30b63f903c5aecc8c96eb7","name":"francisco.cabral.433046","image":{"@type":"ImageObject","inLanguage":"fr-FR","@id":"https:\/\/hillsong.com\/france\/sv\/#\/schema\/person\/image\/","url":"https:\/\/secure.gravatar.com\/avatar\/0de6061e835ea25339ec1a9a5300fb0e?s=96&d=mm&r=g","contentUrl":"https:\/\/secure.gravatar.com\/avatar\/0de6061e835ea25339ec1a9a5300fb0e?s=96&d=mm&r=g","caption":"francisco.cabral.433046"},"url":"https:\/\/hillsong.com\/france\/fr\/author\/francisco-cabral-433046\/"}]}},"_links":{"self":[{"href":"https:\/\/hillsong.com\/france\/fr\/wp-json\/wp\/v2\/posts\/632262"}],"collection":[{"href":"https:\/\/hillsong.com\/france\/fr\/wp-json\/wp\/v2\/posts"}],"about":[{"href":"https:\/\/hillsong.com\/france\/fr\/wp-json\/wp\/v2\/types\/post"}],"author":[{"embeddable":true,"href":"https:\/\/hillsong.com\/france\/fr\/wp-json\/wp\/v2\/users\/14609"}],"replies":[{"embeddable":true,"href":"https:\/\/hillsong.com\/france\/fr\/wp-json\/wp\/v2\/comments?post=632262"}],"version-history":[{"count":3,"href":"https:\/\/hillsong.com\/france\/fr\/wp-json\/wp\/v2\/posts\/632262\/revisions"}],"predecessor-version":[{"id":632307,"href":"https:\/\/hillsong.com\/france\/fr\/wp-json\/wp\/v2\/posts\/632262\/revisions\/632307"}],"wp:attachment":[{"href":"https:\/\/hillsong.com\/france\/fr\/wp-json\/wp\/v2\/media?parent=632262"}],"wp:term":[{"taxonomy":"category","embeddable":true,"href":"https:\/\/hillsong.com\/france\/fr\/wp-json\/wp\/v2\/categories?post=632262"},{"taxonomy":"post_tag","embeddable":true,"href":"https:\/\/hillsong.com\/france\/fr\/wp-json\/wp\/v2\/tags?post=632262"}],"curies":[{"name":"wp","href":"https:\/\/api.w.org\/{rel}","templated":true}]}}