{"id":398257,"date":"2017-05-26T00:00:00","date_gmt":"2017-05-26T00:00:00","guid":{"rendered":"http:\/\/hillsong.com\/?p=398257"},"modified":"2019-05-27T00:00:00","modified_gmt":"2019-05-27T00:00:00","slug":"summerfest","status":"publish","type":"post","link":"https:\/\/hillsong.com\/france\/event\/2017\/05\/summerfest\/","title":{"rendered":"Summerfest 2019"},"content":{"rendered":"<p class=\"qtranxs-available-languages-message qtranxs-available-languages-message-en\">Sorry, this entry is only available in <a href=\"https:\/\/hillsong.com\/france\/fr\/wp-json\/wp\/v2\/posts\/398257\/\" class=\"qtranxs-available-language-link qtranxs-available-language-link-fr\" title=\"Fran\u00e7ais\">French<\/a>.<\/p><p>Summerfest c&#8217;est l\u2019\u00e9v\u00e9nement incontournable de cet \u00e9t\u00e9. C\u2019est l\u2019occasion de passer du temps avec tes potes et, pourquoi pas en rencontrer de nouveaux! C\u2019est un camp organis\u00e9 pour commencer la rentr\u00e9e en force avec Dieu.<\/p>\n<p>On t\u2019invite \u00e0 mettre 3 jours \u00e0 part sur tes vacances o\u00f9 tu peux aller plus loin dans ta relation avec J\u00e9sus et t\u2019abandonner dans des moments de louanges qui peuvent \u00eatre des moments incontournables dans ta vie.<\/p>\n<p>En plus des messages, workshops, panels, imagine le soleil le jour, les feux de camps sous les \u00e9toiles le soir et une bonne playlist d\u2019\u00e9t\u00e9 en fond sonore!<\/p>\n<p>Si tu as entre 18 et 25 ans , cet \u00e9t\u00e9, le Summerfest est \u201cthe place to be\u201d.  On te donne rdv du 22 au 24 ao\u00fbt aux T\u00e9r\u00e9binthes (Le Mans), on y sera avec nos lunettes de soleil !<\/p>","protected":false},"excerpt":{"rendered":"<p>Sorry, this entry is only available in French.Summerfest c&#8217;est l\u2019\u00e9v\u00e9nement incontournable de cet \u00e9t\u00e9. C\u2019est l\u2019occasion de passer du temps avec tes potes et, pourquoi pas en rencontrer de nouveaux! C\u2019est un camp organis\u00e9 pour commencer la rentr\u00e9e en force avec Dieu. On t\u2019invite \u00e0 mettre 3 jours \u00e0 part sur tes vacances o\u00f9 tu [&hellip;]<\/p>\n","protected":false},"author":14609,"featured_media":0,"comment_status":"open","ping_status":"closed","sticky":false,"template":"","format":"standard","meta":{"footnotes":""},"categories":[14960,167,165],"tags":[],"acf":[],"yoast_head":"<!-- This site is optimized with the Yoast SEO plugin v18.9 - https:\/\/yoast.com\/wordpress\/plugins\/seo\/ -->\n<title>Summerfest 2019 - France<\/title>\n<meta name=\"robots\" content=\"index, follow, max-snippet:-1, max-image-preview:large, max-video-preview:-1\" \/>\n<link rel=\"canonical\" href=\"https:\/\/hillsong.com\/france\/da\/event\/2017\/05\/summerfest\/\" \/>\n<meta property=\"og:locale\" content=\"en_US\" \/>\n<meta property=\"og:type\" content=\"article\" \/>\n<meta property=\"og:title\" content=\"[:en]Summerfest 2019[:fr]Summerfest 2019[:] - France\" \/>\n<meta property=\"og:description\" content=\"Sorry, this entry is only available in French.Summerfest c&#8217;est l\u2019\u00e9v\u00e9nement incontournable de cet \u00e9t\u00e9. C\u2019est l\u2019occasion de passer du temps avec tes potes et, pourquoi pas en rencontrer de nouveaux! C\u2019est un camp organis\u00e9 pour commencer la rentr\u00e9e en force avec Dieu. On t\u2019invite \u00e0 mettre 3 jours \u00e0 part sur tes vacances o\u00f9 tu [&hellip;]\" \/>\n<meta property=\"og:url\" content=\"https:\/\/hillsong.com\/france\/da\/event\/2017\/05\/summerfest\/\" \/>\n<meta property=\"og:site_name\" content=\"France\" \/>\n<meta property=\"article:published_time\" content=\"2017-05-26T00:00:00+00:00\" \/>\n<meta property=\"article:modified_time\" content=\"2019-05-27T00:00:00+00:00\" \/>\n<meta name=\"twitter:card\" content=\"summary_large_image\" \/>\n<meta name=\"twitter:label1\" content=\"Written by\" \/>\n\t<meta name=\"twitter:data1\" content=\"francisco.cabral.433046\" \/>\n\t<meta name=\"twitter:label2\" content=\"Est. reading time\" \/>\n\t<meta name=\"twitter:data2\" content=\"1 minute\" \/>\n<script type=\"application\/ld+json\" class=\"yoast-schema-graph\">{\"@context\":\"https:\/\/schema.org\",\"@graph\":[{\"@type\":\"WebSite\",\"@id\":\"https:\/\/hillsong.com\/france\/sv\/#website\",\"url\":\"https:\/\/hillsong.com\/france\/sv\/\",\"name\":\"France\",\"description\":\"\",\"potentialAction\":[{\"@type\":\"SearchAction\",\"target\":{\"@type\":\"EntryPoint\",\"urlTemplate\":\"https:\/\/hillsong.com\/france\/sv\/?s={search_term_string}\"},\"query-input\":\"required name=search_term_string\"}],\"inLanguage\":\"en-US\"},{\"@type\":\"WebPage\",\"@id\":\"https:\/\/hillsong.com\/france\/da\/event\/2017\/05\/summerfest\/#webpage\",\"url\":\"https:\/\/hillsong.com\/france\/da\/event\/2017\/05\/summerfest\/\",\"name\":\"[:en]Summerfest 2019[:fr]Summerfest 2019[:] - France\",\"isPartOf\":{\"@id\":\"https:\/\/hillsong.com\/france\/sv\/#website\"},\"datePublished\":\"2017-05-26T00:00:00+00:00\",\"dateModified\":\"2019-05-27T00:00:00+00:00\",\"author\":{\"@id\":\"https:\/\/hillsong.com\/france\/sv\/#\/schema\/person\/b293b4069d30b63f903c5aecc8c96eb7\"},\"breadcrumb\":{\"@id\":\"https:\/\/hillsong.com\/france\/da\/event\/2017\/05\/summerfest\/#breadcrumb\"},\"inLanguage\":\"en-US\",\"potentialAction\":[{\"@type\":\"ReadAction\",\"target\":[\"https:\/\/hillsong.com\/france\/da\/event\/2017\/05\/summerfest\/\"]}]},{\"@type\":\"BreadcrumbList\",\"@id\":\"https:\/\/hillsong.com\/france\/da\/event\/2017\/05\/summerfest\/#breadcrumb\",\"itemListElement\":[{\"@type\":\"ListItem\",\"position\":1,\"name\":\"Home\",\"item\":\"https:\/\/hillsong.com\/france\/\"},{\"@type\":\"ListItem\",\"position\":2,\"name\":\"Summerfest 2019\"}]},{\"@type\":\"Person\",\"@id\":\"https:\/\/hillsong.com\/france\/sv\/#\/schema\/person\/b293b4069d30b63f903c5aecc8c96eb7\",\"name\":\"francisco.cabral.433046\",\"image\":{\"@type\":\"ImageObject\",\"inLanguage\":\"en-US\",\"@id\":\"https:\/\/hillsong.com\/france\/sv\/#\/schema\/person\/image\/\",\"url\":\"https:\/\/secure.gravatar.com\/avatar\/0de6061e835ea25339ec1a9a5300fb0e?s=96&d=mm&r=g\",\"contentUrl\":\"https:\/\/secure.gravatar.com\/avatar\/0de6061e835ea25339ec1a9a5300fb0e?s=96&d=mm&r=g\",\"caption\":\"francisco.cabral.433046\"},\"url\":\"https:\/\/hillsong.com\/france\/author\/francisco-cabral-433046\/\"}]}<\/script>\n<!-- \/ Yoast SEO plugin. -->","yoast_head_json":{"title":"[:en]Summerfest 2019[:fr]Summerfest 2019[:] - France","robots":{"index":"index","follow":"follow","max-snippet":"max-snippet:-1","max-image-preview":"max-image-preview:large","max-video-preview":"max-video-preview:-1"},"canonical":"https:\/\/hillsong.com\/france\/da\/event\/2017\/05\/summerfest\/","og_locale":"en_US","og_type":"article","og_title":"[:en]Summerfest 2019[:fr]Summerfest 2019[:] - France","og_description":"Sorry, this entry is only available in French.Summerfest c&#8217;est l\u2019\u00e9v\u00e9nement incontournable de cet \u00e9t\u00e9. C\u2019est l\u2019occasion de passer du temps avec tes potes et, pourquoi pas en rencontrer de nouveaux! C\u2019est un camp organis\u00e9 pour commencer la rentr\u00e9e en force avec Dieu. On t\u2019invite \u00e0 mettre 3 jours \u00e0 part sur tes vacances o\u00f9 tu [&hellip;]","og_url":"https:\/\/hillsong.com\/france\/da\/event\/2017\/05\/summerfest\/","og_site_name":"France","article_published_time":"2017-05-26T00:00:00+00:00","article_modified_time":"2019-05-27T00:00:00+00:00","twitter_card":"summary_large_image","twitter_misc":{"Written by":"francisco.cabral.433046","Est. reading time":"1 minute"},"schema":{"@context":"https:\/\/schema.org","@graph":[{"@type":"WebSite","@id":"https:\/\/hillsong.com\/france\/sv\/#website","url":"https:\/\/hillsong.com\/france\/sv\/","name":"France","description":"","potentialAction":[{"@type":"SearchAction","target":{"@type":"EntryPoint","urlTemplate":"https:\/\/hillsong.com\/france\/sv\/?s={search_term_string}"},"query-input":"required name=search_term_string"}],"inLanguage":"en-US"},{"@type":"WebPage","@id":"https:\/\/hillsong.com\/france\/da\/event\/2017\/05\/summerfest\/#webpage","url":"https:\/\/hillsong.com\/france\/da\/event\/2017\/05\/summerfest\/","name":"[:en]Summerfest 2019[:fr]Summerfest 2019[:] - France","isPartOf":{"@id":"https:\/\/hillsong.com\/france\/sv\/#website"},"datePublished":"2017-05-26T00:00:00+00:00","dateModified":"2019-05-27T00:00:00+00:00","author":{"@id":"https:\/\/hillsong.com\/france\/sv\/#\/schema\/person\/b293b4069d30b63f903c5aecc8c96eb7"},"breadcrumb":{"@id":"https:\/\/hillsong.com\/france\/da\/event\/2017\/05\/summerfest\/#breadcrumb"},"inLanguage":"en-US","potentialAction":[{"@type":"ReadAction","target":["https:\/\/hillsong.com\/france\/da\/event\/2017\/05\/summerfest\/"]}]},{"@type":"BreadcrumbList","@id":"https:\/\/hillsong.com\/france\/da\/event\/2017\/05\/summerfest\/#breadcrumb","itemListElement":[{"@type":"ListItem","position":1,"name":"Home","item":"https:\/\/hillsong.com\/france\/"},{"@type":"ListItem","position":2,"name":"Summerfest 2019"}]},{"@type":"Person","@id":"https:\/\/hillsong.com\/france\/sv\/#\/schema\/person\/b293b4069d30b63f903c5aecc8c96eb7","name":"francisco.cabral.433046","image":{"@type":"ImageObject","inLanguage":"en-US","@id":"https:\/\/hillsong.com\/france\/sv\/#\/schema\/person\/image\/","url":"https:\/\/secure.gravatar.com\/avatar\/0de6061e835ea25339ec1a9a5300fb0e?s=96&d=mm&r=g","contentUrl":"https:\/\/secure.gravatar.com\/avatar\/0de6061e835ea25339ec1a9a5300fb0e?s=96&d=mm&r=g","caption":"francisco.cabral.433046"},"url":"https:\/\/hillsong.com\/france\/author\/francisco-cabral-433046\/"}]}},"_links":{"self":[{"href":"https:\/\/hillsong.com\/france\/wp-json\/wp\/v2\/posts\/398257"}],"collection":[{"href":"https:\/\/hillsong.com\/france\/wp-json\/wp\/v2\/posts"}],"about":[{"href":"https:\/\/hillsong.com\/france\/wp-json\/wp\/v2\/types\/post"}],"author":[{"embeddable":true,"href":"https:\/\/hillsong.com\/france\/wp-json\/wp\/v2\/users\/14609"}],"replies":[{"embeddable":true,"href":"https:\/\/hillsong.com\/france\/wp-json\/wp\/v2\/comments?post=398257"}],"version-history":[{"count":0,"href":"https:\/\/hillsong.com\/france\/wp-json\/wp\/v2\/posts\/398257\/revisions"}],"wp:attachment":[{"href":"https:\/\/hillsong.com\/france\/wp-json\/wp\/v2\/media?parent=398257"}],"wp:term":[{"taxonomy":"category","embeddable":true,"href":"https:\/\/hillsong.com\/france\/wp-json\/wp\/v2\/categories?post=398257"},{"taxonomy":"post_tag","embeddable":true,"href":"https:\/\/hillsong.com\/france\/wp-json\/wp\/v2\/tags?post=398257"}],"curies":[{"name":"wp","href":"https:\/\/api.w.org\/{rel}","templated":true}]}}