{"id":637449,"date":"2021-06-28T16:11:24","date_gmt":"2021-06-28T16:11:24","guid":{"rendered":"https:\/\/hillsong.com\/germany\/?p=637449"},"modified":"2021-07-11T19:26:48","modified_gmt":"2021-07-11T19:26:48","slug":"nacht-der-tracht","status":"publish","type":"post","link":"https:\/\/hillsong.com\/germany\/de\/event\/2021\/06\/nacht-der-tracht\/","title":{"rendered":"Nacht der Tracht"},"content":{"rendered":"<p>Wir treffen uns im Biergarten in Tracht.<br \/>\nOccupy Oktoberfest! <\/p>\n<p>Pack deine Kleingruppe ein und komm vorbei!<\/p>\n<p>Scanne diesen QR Code oder klicke auf den unten stehenden Link, um der WhatsApp Gruppe f\u00fcr das Event beizutreten. Dort bekommst du alle weiteren Info f\u00fcr den Tag, wie den genauen Treffpunkt oder ggf. Schlecht-Wetter-Pl\u00e4ne. Mitglieder der Gruppe k\u00f6nnen sehen, wer Teil der Gruppe ist.<br \/>\n<img decoding=\"async\" loading=\"lazy\" src=\"https:\/\/hillsong.com\/germany\/wp-content\/uploads\/sites\/17\/2021\/06\/nacht-der-tracht.png\" alt=\"\" width=\"852\" height=\"329\" class=\"alignnone size-full wp-image-637623\" srcset=\"https:\/\/cdn.hillsong.com\/wp-content\/uploads\/sites\/17\/2021\/06\/02112239\/nacht-der-tracht.png 852w, https:\/\/cdn.hillsong.com\/wp-content\/uploads\/sites\/17\/2021\/06\/02112239\/nacht-der-tracht-300x116.png 300w, https:\/\/cdn.hillsong.com\/wp-content\/uploads\/sites\/17\/2021\/06\/02112239\/nacht-der-tracht-768x297.png 768w, https:\/\/cdn.hillsong.com\/wp-content\/uploads\/sites\/17\/2021\/06\/02112239\/nacht-der-tracht-700x270.png 700w\" sizes=\"(max-width: 852px) 100vw, 852px\" \/><\/p>","protected":false},"excerpt":{"rendered":"<p>Wir treffen uns im Biergarten in Tracht. Occupy Oktoberfest! Pack deine Kleingruppe ein und komm vorbei! Scanne diesen QR Code oder klicke auf den unten stehenden Link, um der WhatsApp Gruppe f\u00fcr das Event beizutreten. Dort bekommst du alle weiteren Info f\u00fcr den Tag, wie den genauen Treffpunkt oder ggf. Schlecht-Wetter-Pl\u00e4ne. Mitglieder der Gruppe k\u00f6nnen [&hellip;]<\/p>\n","protected":false},"author":53840,"featured_media":0,"comment_status":"open","ping_status":"open","sticky":false,"template":"","format":"standard","meta":{"footnotes":""},"categories":[15031,15030],"tags":[],"acf":[],"yoast_head":"<!-- This site is optimized with the Yoast SEO plugin v18.9 - https:\/\/yoast.com\/wordpress\/plugins\/seo\/ -->\n<title>Nacht der Tracht - Dach<\/title>\n<meta name=\"robots\" content=\"index, follow, max-snippet:-1, max-image-preview:large, max-video-preview:-1\" \/>\n<link rel=\"canonical\" href=\"https:\/\/hillsong.com\/germany\/sv\/event\/2021\/06\/nacht-der-tracht\/\" \/>\n<meta property=\"og:locale\" content=\"de_DE\" \/>\n<meta property=\"og:type\" content=\"article\" \/>\n<meta property=\"og:title\" content=\"[:de]Nacht der Tracht[:] - Dach\" \/>\n<meta property=\"og:description\" content=\"Wir treffen uns im Biergarten in Tracht. Occupy Oktoberfest! Pack deine Kleingruppe ein und komm vorbei! Scanne diesen QR Code oder klicke auf den unten stehenden Link, um der WhatsApp Gruppe f\u00fcr das Event beizutreten. Dort bekommst du alle weiteren Info f\u00fcr den Tag, wie den genauen Treffpunkt oder ggf. Schlecht-Wetter-Pl\u00e4ne. Mitglieder der Gruppe k\u00f6nnen [&hellip;]\" \/>\n<meta property=\"og:url\" content=\"https:\/\/hillsong.com\/germany\/sv\/event\/2021\/06\/nacht-der-tracht\/\" \/>\n<meta property=\"og:site_name\" content=\"Dach\" \/>\n<meta property=\"article:published_time\" content=\"2021-06-28T16:11:24+00:00\" \/>\n<meta property=\"article:modified_time\" content=\"2021-07-11T19:26:48+00:00\" \/>\n<meta property=\"og:image\" content=\"https:\/\/hillsong.com\/germany\/wp-content\/uploads\/sites\/17\/2021\/06\/nacht-der-tracht.png\" \/>\n<meta name=\"twitter:card\" content=\"summary_large_image\" \/>\n<meta name=\"twitter:label1\" content=\"Written by\" \/>\n\t<meta name=\"twitter:data1\" content=\"Leonie Schaebler\" \/>\n<script type=\"application\/ld+json\" class=\"yoast-schema-graph\">{\"@context\":\"https:\/\/schema.org\",\"@graph\":[{\"@type\":\"WebSite\",\"@id\":\"https:\/\/hillsong.com\/germany\/fr\/#website\",\"url\":\"https:\/\/hillsong.com\/germany\/fr\/\",\"name\":\"Dach\",\"description\":\"\",\"potentialAction\":[{\"@type\":\"SearchAction\",\"target\":{\"@type\":\"EntryPoint\",\"urlTemplate\":\"https:\/\/hillsong.com\/germany\/fr\/?s={search_term_string}\"},\"query-input\":\"required name=search_term_string\"}],\"inLanguage\":\"de-DE\"},{\"@type\":\"ImageObject\",\"inLanguage\":\"de-DE\",\"@id\":\"https:\/\/hillsong.com\/germany\/sv\/event\/2021\/06\/nacht-der-tracht\/#primaryimage\",\"url\":\"https:\/\/hillsong.com\/germany\/wp-content\/uploads\/sites\/17\/2021\/06\/nacht-der-tracht.png\",\"contentUrl\":\"https:\/\/hillsong.com\/germany\/wp-content\/uploads\/sites\/17\/2021\/06\/nacht-der-tracht.png\"},{\"@type\":\"WebPage\",\"@id\":\"https:\/\/hillsong.com\/germany\/sv\/event\/2021\/06\/nacht-der-tracht\/#webpage\",\"url\":\"https:\/\/hillsong.com\/germany\/sv\/event\/2021\/06\/nacht-der-tracht\/\",\"name\":\"[:de]Nacht der Tracht[:] - Dach\",\"isPartOf\":{\"@id\":\"https:\/\/hillsong.com\/germany\/fr\/#website\"},\"primaryImageOfPage\":{\"@id\":\"https:\/\/hillsong.com\/germany\/sv\/event\/2021\/06\/nacht-der-tracht\/#primaryimage\"},\"datePublished\":\"2021-06-28T16:11:24+00:00\",\"dateModified\":\"2021-07-11T19:26:48+00:00\",\"author\":{\"@id\":\"https:\/\/hillsong.com\/germany\/fr\/#\/schema\/person\/d328cc3fbf7b0085075874abf04f8b54\"},\"breadcrumb\":{\"@id\":\"https:\/\/hillsong.com\/germany\/sv\/event\/2021\/06\/nacht-der-tracht\/#breadcrumb\"},\"inLanguage\":\"de-DE\",\"potentialAction\":[{\"@type\":\"ReadAction\",\"target\":[\"https:\/\/hillsong.com\/germany\/sv\/event\/2021\/06\/nacht-der-tracht\/\"]}]},{\"@type\":\"BreadcrumbList\",\"@id\":\"https:\/\/hillsong.com\/germany\/sv\/event\/2021\/06\/nacht-der-tracht\/#breadcrumb\",\"itemListElement\":[{\"@type\":\"ListItem\",\"position\":1,\"name\":\"Home\",\"item\":\"https:\/\/hillsong.com\/germany\/\"},{\"@type\":\"ListItem\",\"position\":2,\"name\":\"Nacht der Tracht\"}]},{\"@type\":\"Person\",\"@id\":\"https:\/\/hillsong.com\/germany\/fr\/#\/schema\/person\/d328cc3fbf7b0085075874abf04f8b54\",\"name\":\"Leonie Schaebler\",\"image\":{\"@type\":\"ImageObject\",\"inLanguage\":\"de-DE\",\"@id\":\"https:\/\/hillsong.com\/germany\/fr\/#\/schema\/person\/image\/\",\"url\":\"https:\/\/secure.gravatar.com\/avatar\/5313b1914da54031ef3f2e259e94f783?s=96&d=mm&r=g\",\"contentUrl\":\"https:\/\/secure.gravatar.com\/avatar\/5313b1914da54031ef3f2e259e94f783?s=96&d=mm&r=g\",\"caption\":\"Leonie Schaebler\"},\"url\":\"https:\/\/hillsong.com\/germany\/de\/author\/leonie-schaebler\/\"}]}<\/script>\n<!-- \/ Yoast SEO plugin. -->","yoast_head_json":{"title":"[:de]Nacht der Tracht[:] - Dach","robots":{"index":"index","follow":"follow","max-snippet":"max-snippet:-1","max-image-preview":"max-image-preview:large","max-video-preview":"max-video-preview:-1"},"canonical":"https:\/\/hillsong.com\/germany\/sv\/event\/2021\/06\/nacht-der-tracht\/","og_locale":"de_DE","og_type":"article","og_title":"[:de]Nacht der Tracht[:] - Dach","og_description":"Wir treffen uns im Biergarten in Tracht. Occupy Oktoberfest! Pack deine Kleingruppe ein und komm vorbei! Scanne diesen QR Code oder klicke auf den unten stehenden Link, um der WhatsApp Gruppe f\u00fcr das Event beizutreten. Dort bekommst du alle weiteren Info f\u00fcr den Tag, wie den genauen Treffpunkt oder ggf. Schlecht-Wetter-Pl\u00e4ne. Mitglieder der Gruppe k\u00f6nnen [&hellip;]","og_url":"https:\/\/hillsong.com\/germany\/sv\/event\/2021\/06\/nacht-der-tracht\/","og_site_name":"Dach","article_published_time":"2021-06-28T16:11:24+00:00","article_modified_time":"2021-07-11T19:26:48+00:00","og_image":[{"url":"https:\/\/hillsong.com\/germany\/wp-content\/uploads\/sites\/17\/2021\/06\/nacht-der-tracht.png"}],"twitter_card":"summary_large_image","twitter_misc":{"Written by":"Leonie Schaebler"},"schema":{"@context":"https:\/\/schema.org","@graph":[{"@type":"WebSite","@id":"https:\/\/hillsong.com\/germany\/fr\/#website","url":"https:\/\/hillsong.com\/germany\/fr\/","name":"Dach","description":"","potentialAction":[{"@type":"SearchAction","target":{"@type":"EntryPoint","urlTemplate":"https:\/\/hillsong.com\/germany\/fr\/?s={search_term_string}"},"query-input":"required name=search_term_string"}],"inLanguage":"de-DE"},{"@type":"ImageObject","inLanguage":"de-DE","@id":"https:\/\/hillsong.com\/germany\/sv\/event\/2021\/06\/nacht-der-tracht\/#primaryimage","url":"https:\/\/hillsong.com\/germany\/wp-content\/uploads\/sites\/17\/2021\/06\/nacht-der-tracht.png","contentUrl":"https:\/\/hillsong.com\/germany\/wp-content\/uploads\/sites\/17\/2021\/06\/nacht-der-tracht.png"},{"@type":"WebPage","@id":"https:\/\/hillsong.com\/germany\/sv\/event\/2021\/06\/nacht-der-tracht\/#webpage","url":"https:\/\/hillsong.com\/germany\/sv\/event\/2021\/06\/nacht-der-tracht\/","name":"[:de]Nacht der Tracht[:] - Dach","isPartOf":{"@id":"https:\/\/hillsong.com\/germany\/fr\/#website"},"primaryImageOfPage":{"@id":"https:\/\/hillsong.com\/germany\/sv\/event\/2021\/06\/nacht-der-tracht\/#primaryimage"},"datePublished":"2021-06-28T16:11:24+00:00","dateModified":"2021-07-11T19:26:48+00:00","author":{"@id":"https:\/\/hillsong.com\/germany\/fr\/#\/schema\/person\/d328cc3fbf7b0085075874abf04f8b54"},"breadcrumb":{"@id":"https:\/\/hillsong.com\/germany\/sv\/event\/2021\/06\/nacht-der-tracht\/#breadcrumb"},"inLanguage":"de-DE","potentialAction":[{"@type":"ReadAction","target":["https:\/\/hillsong.com\/germany\/sv\/event\/2021\/06\/nacht-der-tracht\/"]}]},{"@type":"BreadcrumbList","@id":"https:\/\/hillsong.com\/germany\/sv\/event\/2021\/06\/nacht-der-tracht\/#breadcrumb","itemListElement":[{"@type":"ListItem","position":1,"name":"Home","item":"https:\/\/hillsong.com\/germany\/"},{"@type":"ListItem","position":2,"name":"Nacht der Tracht"}]},{"@type":"Person","@id":"https:\/\/hillsong.com\/germany\/fr\/#\/schema\/person\/d328cc3fbf7b0085075874abf04f8b54","name":"Leonie Schaebler","image":{"@type":"ImageObject","inLanguage":"de-DE","@id":"https:\/\/hillsong.com\/germany\/fr\/#\/schema\/person\/image\/","url":"https:\/\/secure.gravatar.com\/avatar\/5313b1914da54031ef3f2e259e94f783?s=96&d=mm&r=g","contentUrl":"https:\/\/secure.gravatar.com\/avatar\/5313b1914da54031ef3f2e259e94f783?s=96&d=mm&r=g","caption":"Leonie Schaebler"},"url":"https:\/\/hillsong.com\/germany\/de\/author\/leonie-schaebler\/"}]}},"_links":{"self":[{"href":"https:\/\/hillsong.com\/germany\/de\/wp-json\/wp\/v2\/posts\/637449"}],"collection":[{"href":"https:\/\/hillsong.com\/germany\/de\/wp-json\/wp\/v2\/posts"}],"about":[{"href":"https:\/\/hillsong.com\/germany\/de\/wp-json\/wp\/v2\/types\/post"}],"author":[{"embeddable":true,"href":"https:\/\/hillsong.com\/germany\/de\/wp-json\/wp\/v2\/users\/53840"}],"replies":[{"embeddable":true,"href":"https:\/\/hillsong.com\/germany\/de\/wp-json\/wp\/v2\/comments?post=637449"}],"version-history":[{"count":3,"href":"https:\/\/hillsong.com\/germany\/de\/wp-json\/wp\/v2\/posts\/637449\/revisions"}],"predecessor-version":[{"id":637764,"href":"https:\/\/hillsong.com\/germany\/de\/wp-json\/wp\/v2\/posts\/637449\/revisions\/637764"}],"wp:attachment":[{"href":"https:\/\/hillsong.com\/germany\/de\/wp-json\/wp\/v2\/media?parent=637449"}],"wp:term":[{"taxonomy":"category","embeddable":true,"href":"https:\/\/hillsong.com\/germany\/de\/wp-json\/wp\/v2\/categories?post=637449"},{"taxonomy":"post_tag","embeddable":true,"href":"https:\/\/hillsong.com\/germany\/de\/wp-json\/wp\/v2\/tags?post=637449"}],"curies":[{"name":"wp","href":"https:\/\/api.w.org\/{rel}","templated":true}]}}