{"id":649277,"date":"2024-11-13T13:55:04","date_gmt":"2024-11-13T13:55:04","guid":{"rendered":"https:\/\/hillsong.com\/germany\/?p=649277"},"modified":"2024-11-13T13:55:04","modified_gmt":"2024-11-13T13:55:04","slug":"4-advent-in-konstanz","status":"publish","type":"post","link":"https:\/\/hillsong.com\/germany\/it\/event\/2024\/11\/4-advent-in-konstanz\/","title":{"rendered":"4. ADVENT in Konstanz"},"content":{"rendered":"<p class=\"qtranxs-available-languages-message qtranxs-available-languages-message-it\">Ci spiace, ma questo articolo \u00e8 disponibile soltanto in <a href=\"https:\/\/hillsong.com\/germany\/de\/wp-json\/wp\/v2\/posts\/649277\/\" class=\"qtranxs-available-language-link qtranxs-available-language-link-de\" title=\"Deutsch\">Deutsch<\/a>.<\/p><p>Feier den vierten Advent mit uns! Genie\u00dfe die weihnachtliche Atmosph\u00e4re, den lebendigen Lobpreis und erlebe Liebe, die alles ver\u00e4ndert.<\/p>\n<p><strong>Wir freuen uns auf Dich!<\/strong><\/p>\n<p>Gottesdienstzeiten:<br \/>\n10 &amp; 12 Uhr<\/p>","protected":false},"excerpt":{"rendered":"<p>Ci spiace, ma questo articolo \u00e8 disponibile soltanto in Deutsch.Feier den vierten Advent mit uns! Genie\u00dfe die weihnachtliche Atmosph\u00e4re, den lebendigen Lobpreis und erlebe Liebe, die alles ver\u00e4ndert. Wir freuen uns auf Dich! Gottesdienstzeiten: 10 &amp; 12 Uhr<\/p>\n","protected":false},"author":53903,"featured_media":0,"comment_status":"open","ping_status":"open","sticky":false,"template":"","format":"standard","meta":{"_acf_changed":false,"footnotes":""},"categories":[15403,271,272],"tags":[283],"class_list":["post-649277","post","type-post","status-publish","format-standard","hentry","category-events-konstanz","category-germany","category-konstanz","tag-konstanz"],"acf":[],"yoast_head":"<!-- This site is optimized with the Yoast SEO plugin v27.2 - https:\/\/yoast.com\/product\/yoast-seo-wordpress\/ -->\n<title><\/title>\n<meta name=\"robots\" content=\"index, follow, max-snippet:-1, max-image-preview:large, max-video-preview:-1\" \/>\n<link rel=\"canonical\" href=\"https:\/\/hillsong.com\/germany\/event\/2024\/11\/4-advent-in-konstanz\/\" \/>\n<meta property=\"og:locale\" content=\"it_IT\" \/>\n<meta property=\"og:type\" content=\"article\" \/>\n<meta property=\"og:title\" content=\"[:de]4. ADVENT in Konstanz[:] - Dach\" \/>\n<meta property=\"og:description\" content=\"Ci spiace, ma questo articolo \u00e8 disponibile soltanto in Deutsch.Feier den vierten Advent mit uns! Genie\u00dfe die weihnachtliche Atmosph\u00e4re, den lebendigen Lobpreis und erlebe Liebe, die alles ver\u00e4ndert. Wir freuen uns auf Dich! Gottesdienstzeiten: 10 &amp; 12 Uhr\" \/>\n<meta property=\"og:url\" content=\"https:\/\/hillsong.com\/germany\/event\/2024\/11\/4-advent-in-konstanz\/\" \/>\n<meta property=\"og:site_name\" content=\"Dach\" \/>\n<meta property=\"article:published_time\" content=\"2024-11-13T13:55:04+00:00\" \/>\n<meta name=\"author\" content=\"Miriam Hoeschele\" \/>\n<meta name=\"twitter:card\" content=\"summary_large_image\" \/>\n<meta name=\"twitter:label1\" content=\"Written by\" \/>\n\t<meta name=\"twitter:data1\" content=\"Miriam Hoeschele\" \/>\n<script type=\"application\/ld+json\" class=\"yoast-schema-graph\">{\"@context\":\"https:\/\/schema.org\",\"@graph\":[{\"@type\":\"Article\",\"@id\":\"https:\/\/hillsong.com\/germany\/event\/2024\/11\/4-advent-in-konstanz\/#article\",\"isPartOf\":{\"@id\":\"https:\/\/hillsong.com\/germany\/event\/2024\/11\/4-advent-in-konstanz\/\"},\"author\":{\"name\":\"Miriam Hoeschele\",\"@id\":\"https:\/\/hillsong.com\/germany\/fr\/#\/schema\/person\/bbbe28077efcfefe4d39599155ed7475\"},\"headline\":\"4. ADVENT in Konstanz\",\"datePublished\":\"2024-11-13T13:55:04+00:00\",\"mainEntityOfPage\":{\"@id\":\"https:\/\/hillsong.com\/germany\/event\/2024\/11\/4-advent-in-konstanz\/\"},\"wordCount\":35,\"commentCount\":0,\"keywords\":[\"Konstanz\"],\"articleSection\":[\"Events\",\"Germany\",\"Konstanz\"],\"inLanguage\":\"it-IT\",\"potentialAction\":[{\"@type\":\"CommentAction\",\"name\":\"Comment\",\"target\":[\"https:\/\/hillsong.com\/germany\/event\/2024\/11\/4-advent-in-konstanz\/#respond\"]}]},{\"@type\":\"WebPage\",\"@id\":\"https:\/\/hillsong.com\/germany\/event\/2024\/11\/4-advent-in-konstanz\/\",\"url\":\"https:\/\/hillsong.com\/germany\/event\/2024\/11\/4-advent-in-konstanz\/\",\"name\":\"[:de]4. ADVENT in Konstanz[:] - Dach\",\"isPartOf\":{\"@id\":\"https:\/\/hillsong.com\/germany\/fr\/#website\"},\"datePublished\":\"2024-11-13T13:55:04+00:00\",\"author\":{\"@id\":\"https:\/\/hillsong.com\/germany\/fr\/#\/schema\/person\/bbbe28077efcfefe4d39599155ed7475\"},\"breadcrumb\":{\"@id\":\"https:\/\/hillsong.com\/germany\/event\/2024\/11\/4-advent-in-konstanz\/#breadcrumb\"},\"inLanguage\":\"it-IT\",\"potentialAction\":[{\"@type\":\"ReadAction\",\"target\":[\"https:\/\/hillsong.com\/germany\/event\/2024\/11\/4-advent-in-konstanz\/\"]}]},{\"@type\":\"BreadcrumbList\",\"@id\":\"https:\/\/hillsong.com\/germany\/event\/2024\/11\/4-advent-in-konstanz\/#breadcrumb\",\"itemListElement\":[{\"@type\":\"ListItem\",\"position\":1,\"name\":\"Home\",\"item\":\"https:\/\/hillsong.com\/germany\/\"},{\"@type\":\"ListItem\",\"position\":2,\"name\":\"4. ADVENT in Konstanz\"}]},{\"@type\":\"WebSite\",\"@id\":\"https:\/\/hillsong.com\/germany\/fr\/#website\",\"url\":\"https:\/\/hillsong.com\/germany\/fr\/\",\"name\":\"Dach\",\"description\":\"\",\"potentialAction\":[{\"@type\":\"SearchAction\",\"target\":{\"@type\":\"EntryPoint\",\"urlTemplate\":\"https:\/\/hillsong.com\/germany\/fr\/?s={search_term_string}\"},\"query-input\":{\"@type\":\"PropertyValueSpecification\",\"valueRequired\":true,\"valueName\":\"search_term_string\"}}],\"inLanguage\":\"it-IT\"},{\"@type\":\"Person\",\"@id\":\"https:\/\/hillsong.com\/germany\/fr\/#\/schema\/person\/bbbe28077efcfefe4d39599155ed7475\",\"name\":\"Miriam Hoeschele\",\"image\":{\"@type\":\"ImageObject\",\"inLanguage\":\"it-IT\",\"@id\":\"https:\/\/secure.gravatar.com\/avatar\/8783fa1ea82e03402475488bc6506c8da2fb80793c7f87a1e2090c7cc0d46778?s=96&d=mm&r=g\",\"url\":\"https:\/\/secure.gravatar.com\/avatar\/8783fa1ea82e03402475488bc6506c8da2fb80793c7f87a1e2090c7cc0d46778?s=96&d=mm&r=g\",\"contentUrl\":\"https:\/\/secure.gravatar.com\/avatar\/8783fa1ea82e03402475488bc6506c8da2fb80793c7f87a1e2090c7cc0d46778?s=96&d=mm&r=g\",\"caption\":\"Miriam Hoeschele\"},\"url\":\"https:\/\/hillsong.com\/germany\/it\/author\/miriam-hoeschele\/\"}]}<\/script>\n<!-- \/ Yoast SEO plugin. -->","yoast_head_json":{"title":"[:de]4. ADVENT in Konstanz[:] - Dach","robots":{"index":"index","follow":"follow","max-snippet":"max-snippet:-1","max-image-preview":"max-image-preview:large","max-video-preview":"max-video-preview:-1"},"canonical":"https:\/\/hillsong.com\/germany\/event\/2024\/11\/4-advent-in-konstanz\/","og_locale":"it_IT","og_type":"article","og_title":"[:de]4. ADVENT in Konstanz[:] - Dach","og_description":"Ci spiace, ma questo articolo \u00e8 disponibile soltanto in Deutsch.Feier den vierten Advent mit uns! Genie\u00dfe die weihnachtliche Atmosph\u00e4re, den lebendigen Lobpreis und erlebe Liebe, die alles ver\u00e4ndert. Wir freuen uns auf Dich! Gottesdienstzeiten: 10 &amp; 12 Uhr","og_url":"https:\/\/hillsong.com\/germany\/event\/2024\/11\/4-advent-in-konstanz\/","og_site_name":"Dach","article_published_time":"2024-11-13T13:55:04+00:00","author":"Miriam Hoeschele","twitter_card":"summary_large_image","twitter_misc":{"Written by":"Miriam Hoeschele"},"schema":{"@context":"https:\/\/schema.org","@graph":[{"@type":"Article","@id":"https:\/\/hillsong.com\/germany\/event\/2024\/11\/4-advent-in-konstanz\/#article","isPartOf":{"@id":"https:\/\/hillsong.com\/germany\/event\/2024\/11\/4-advent-in-konstanz\/"},"author":{"name":"Miriam Hoeschele","@id":"https:\/\/hillsong.com\/germany\/fr\/#\/schema\/person\/bbbe28077efcfefe4d39599155ed7475"},"headline":"4. ADVENT in Konstanz","datePublished":"2024-11-13T13:55:04+00:00","mainEntityOfPage":{"@id":"https:\/\/hillsong.com\/germany\/event\/2024\/11\/4-advent-in-konstanz\/"},"wordCount":35,"commentCount":0,"keywords":["Konstanz"],"articleSection":["Events","Germany","Konstanz"],"inLanguage":"it-IT","potentialAction":[{"@type":"CommentAction","name":"Comment","target":["https:\/\/hillsong.com\/germany\/event\/2024\/11\/4-advent-in-konstanz\/#respond"]}]},{"@type":"WebPage","@id":"https:\/\/hillsong.com\/germany\/event\/2024\/11\/4-advent-in-konstanz\/","url":"https:\/\/hillsong.com\/germany\/event\/2024\/11\/4-advent-in-konstanz\/","name":"[:de]4. ADVENT in Konstanz[:] - Dach","isPartOf":{"@id":"https:\/\/hillsong.com\/germany\/fr\/#website"},"datePublished":"2024-11-13T13:55:04+00:00","author":{"@id":"https:\/\/hillsong.com\/germany\/fr\/#\/schema\/person\/bbbe28077efcfefe4d39599155ed7475"},"breadcrumb":{"@id":"https:\/\/hillsong.com\/germany\/event\/2024\/11\/4-advent-in-konstanz\/#breadcrumb"},"inLanguage":"it-IT","potentialAction":[{"@type":"ReadAction","target":["https:\/\/hillsong.com\/germany\/event\/2024\/11\/4-advent-in-konstanz\/"]}]},{"@type":"BreadcrumbList","@id":"https:\/\/hillsong.com\/germany\/event\/2024\/11\/4-advent-in-konstanz\/#breadcrumb","itemListElement":[{"@type":"ListItem","position":1,"name":"Home","item":"https:\/\/hillsong.com\/germany\/"},{"@type":"ListItem","position":2,"name":"4. ADVENT in Konstanz"}]},{"@type":"WebSite","@id":"https:\/\/hillsong.com\/germany\/fr\/#website","url":"https:\/\/hillsong.com\/germany\/fr\/","name":"Dach","description":"","potentialAction":[{"@type":"SearchAction","target":{"@type":"EntryPoint","urlTemplate":"https:\/\/hillsong.com\/germany\/fr\/?s={search_term_string}"},"query-input":{"@type":"PropertyValueSpecification","valueRequired":true,"valueName":"search_term_string"}}],"inLanguage":"it-IT"},{"@type":"Person","@id":"https:\/\/hillsong.com\/germany\/fr\/#\/schema\/person\/bbbe28077efcfefe4d39599155ed7475","name":"Miriam Hoeschele","image":{"@type":"ImageObject","inLanguage":"it-IT","@id":"https:\/\/secure.gravatar.com\/avatar\/8783fa1ea82e03402475488bc6506c8da2fb80793c7f87a1e2090c7cc0d46778?s=96&d=mm&r=g","url":"https:\/\/secure.gravatar.com\/avatar\/8783fa1ea82e03402475488bc6506c8da2fb80793c7f87a1e2090c7cc0d46778?s=96&d=mm&r=g","contentUrl":"https:\/\/secure.gravatar.com\/avatar\/8783fa1ea82e03402475488bc6506c8da2fb80793c7f87a1e2090c7cc0d46778?s=96&d=mm&r=g","caption":"Miriam Hoeschele"},"url":"https:\/\/hillsong.com\/germany\/it\/author\/miriam-hoeschele\/"}]}},"_links":{"self":[{"href":"https:\/\/hillsong.com\/germany\/it\/wp-json\/wp\/v2\/posts\/649277","targetHints":{"allow":["GET"]}}],"collection":[{"href":"https:\/\/hillsong.com\/germany\/it\/wp-json\/wp\/v2\/posts"}],"about":[{"href":"https:\/\/hillsong.com\/germany\/it\/wp-json\/wp\/v2\/types\/post"}],"author":[{"embeddable":true,"href":"https:\/\/hillsong.com\/germany\/it\/wp-json\/wp\/v2\/users\/53903"}],"replies":[{"embeddable":true,"href":"https:\/\/hillsong.com\/germany\/it\/wp-json\/wp\/v2\/comments?post=649277"}],"version-history":[{"count":3,"href":"https:\/\/hillsong.com\/germany\/it\/wp-json\/wp\/v2\/posts\/649277\/revisions"}],"predecessor-version":[{"id":649305,"href":"https:\/\/hillsong.com\/germany\/it\/wp-json\/wp\/v2\/posts\/649277\/revisions\/649305"}],"wp:attachment":[{"href":"https:\/\/hillsong.com\/germany\/it\/wp-json\/wp\/v2\/media?parent=649277"}],"wp:term":[{"taxonomy":"category","embeddable":true,"href":"https:\/\/hillsong.com\/germany\/it\/wp-json\/wp\/v2\/categories?post=649277"},{"taxonomy":"post_tag","embeddable":true,"href":"https:\/\/hillsong.com\/germany\/it\/wp-json\/wp\/v2\/tags?post=649277"}],"curies":[{"name":"wp","href":"https:\/\/api.w.org\/{rel}","templated":true}]}}