{"id":96053,"date":"2015-09-23T00:00:00","date_gmt":"2015-09-23T00:00:00","guid":{"rendered":"http:\/\/hillsong.com\/?p=96053"},"modified":"2015-09-23T00:00:00","modified_gmt":"2015-09-23T00:00:00","slug":"richard-van-der-kolk","status":"publish","type":"post","link":"https:\/\/hillsong.com\/germany\/pb\/event\/2015\/09\/richard-van-der-kolk\/","title":{"rendered":"Richard van der Kolk"},"content":{"rendered":"<p>Richard ist der leitende Pastor der Hillsong Church in Amsterdam. Als geb\u00fcrtiger Australier mit d\u00e4nischem Blut und seinem fr\u00fcheren Wohnort London, wo er seine wundersch\u00f6ne amerikanische Debbie kennengelernt hat, passt er perfekt in diese internationale Stadt. Er ist ein begnadeter Lehrer, der stets das Ziel verfolgt, dass Menschen eine Offenbarung der Guten Nachricht haben und diese ihr t\u00e4gliches Leben beeinflusst. Er uns seine Frau Debbie genie\u00dfen es, in ihrer freien Zeit auf dem Boot durch die Kan\u00e4le von Amsterdam zu fahren.<\/p>\n","protected":false},"excerpt":{"rendered":"<p>Richard ist der leitende Pastor der Hillsong Church in Amsterdam. Als geb\u00fcrtiger Australier mit d\u00e4nischem Blut und seinem fr\u00fcheren Wohnort London, wo er seine wundersch\u00f6ne amerikanische Debbie kennengelernt hat, passt er perfekt in diese internationale Stadt. Er ist ein begnadeter Lehrer, der stets das Ziel verfolgt, dass Menschen eine Offenbarung der Guten Nachricht haben und [&hellip;]<\/p>\n","protected":false},"author":1394,"featured_media":0,"comment_status":"open","ping_status":"closed","sticky":false,"template":"","format":"standard","meta":{"footnotes":""},"categories":[273,271,272],"tags":[285,299,283],"acf":[],"yoast_head":"<!-- This site is optimized with the Yoast SEO plugin v18.9 - https:\/\/yoast.com\/wordpress\/plugins\/seo\/ -->\n<title>Richard van der Kolk - Dach<\/title>\n<meta name=\"robots\" content=\"index, follow, max-snippet:-1, max-image-preview:large, max-video-preview:-1\" \/>\n<link rel=\"canonical\" href=\"https:\/\/hillsong.com\/germany\/es\/event\/2015\/09\/richard-van-der-kolk\/\" \/>\n<meta property=\"og:locale\" content=\"pt_BR\" \/>\n<meta property=\"og:type\" content=\"article\" \/>\n<meta property=\"og:title\" content=\"Richard van der Kolk - Dach\" \/>\n<meta property=\"og:description\" content=\"Richard ist der leitende Pastor der Hillsong Church in Amsterdam. Als geb\u00fcrtiger Australier mit d\u00e4nischem Blut und seinem fr\u00fcheren Wohnort London, wo er seine wundersch\u00f6ne amerikanische Debbie kennengelernt hat, passt er perfekt in diese internationale Stadt. Er ist ein begnadeter Lehrer, der stets das Ziel verfolgt, dass Menschen eine Offenbarung der Guten Nachricht haben und [&hellip;]\" \/>\n<meta property=\"og:url\" content=\"https:\/\/hillsong.com\/germany\/es\/event\/2015\/09\/richard-van-der-kolk\/\" \/>\n<meta property=\"og:site_name\" content=\"Dach\" \/>\n<meta property=\"article:published_time\" content=\"2015-09-23T00:00:00+00:00\" \/>\n<meta name=\"twitter:card\" content=\"summary_large_image\" \/>\n<meta name=\"twitter:label1\" content=\"Written by\" \/>\n\t<meta name=\"twitter:data1\" content=\"\" \/>\n<script type=\"application\/ld+json\" class=\"yoast-schema-graph\">{\"@context\":\"https:\/\/schema.org\",\"@graph\":[{\"@type\":\"WebSite\",\"@id\":\"https:\/\/hillsong.com\/germany\/fr\/#website\",\"url\":\"https:\/\/hillsong.com\/germany\/fr\/\",\"name\":\"Dach\",\"description\":\"\",\"potentialAction\":[{\"@type\":\"SearchAction\",\"target\":{\"@type\":\"EntryPoint\",\"urlTemplate\":\"https:\/\/hillsong.com\/germany\/fr\/?s={search_term_string}\"},\"query-input\":\"required name=search_term_string\"}],\"inLanguage\":\"pt-BR\"},{\"@type\":\"WebPage\",\"@id\":\"https:\/\/hillsong.com\/germany\/es\/event\/2015\/09\/richard-van-der-kolk\/#webpage\",\"url\":\"https:\/\/hillsong.com\/germany\/es\/event\/2015\/09\/richard-van-der-kolk\/\",\"name\":\"Richard van der Kolk - Dach\",\"isPartOf\":{\"@id\":\"https:\/\/hillsong.com\/germany\/fr\/#website\"},\"datePublished\":\"2015-09-23T00:00:00+00:00\",\"dateModified\":\"2015-09-23T00:00:00+00:00\",\"author\":{\"@id\":\"\"},\"breadcrumb\":{\"@id\":\"https:\/\/hillsong.com\/germany\/es\/event\/2015\/09\/richard-van-der-kolk\/#breadcrumb\"},\"inLanguage\":\"pt-BR\",\"potentialAction\":[{\"@type\":\"ReadAction\",\"target\":[\"https:\/\/hillsong.com\/germany\/es\/event\/2015\/09\/richard-van-der-kolk\/\"]}]},{\"@type\":\"BreadcrumbList\",\"@id\":\"https:\/\/hillsong.com\/germany\/es\/event\/2015\/09\/richard-van-der-kolk\/#breadcrumb\",\"itemListElement\":[{\"@type\":\"ListItem\",\"position\":1,\"name\":\"Home\",\"item\":\"https:\/\/hillsong.com\/germany\/\"},{\"@type\":\"ListItem\",\"position\":2,\"name\":\"Richard van der Kolk\"}]},{\"@type\":\"Person\",\"@id\":\"\",\"url\":\"https:\/\/hillsong.com\/germany\/pb\/author\/\"}]}<\/script>\n<!-- \/ Yoast SEO plugin. -->","yoast_head_json":{"title":"Richard van der Kolk - Dach","robots":{"index":"index","follow":"follow","max-snippet":"max-snippet:-1","max-image-preview":"max-image-preview:large","max-video-preview":"max-video-preview:-1"},"canonical":"https:\/\/hillsong.com\/germany\/es\/event\/2015\/09\/richard-van-der-kolk\/","og_locale":"pt_BR","og_type":"article","og_title":"Richard van der Kolk - Dach","og_description":"Richard ist der leitende Pastor der Hillsong Church in Amsterdam. Als geb\u00fcrtiger Australier mit d\u00e4nischem Blut und seinem fr\u00fcheren Wohnort London, wo er seine wundersch\u00f6ne amerikanische Debbie kennengelernt hat, passt er perfekt in diese internationale Stadt. Er ist ein begnadeter Lehrer, der stets das Ziel verfolgt, dass Menschen eine Offenbarung der Guten Nachricht haben und [&hellip;]","og_url":"https:\/\/hillsong.com\/germany\/es\/event\/2015\/09\/richard-van-der-kolk\/","og_site_name":"Dach","article_published_time":"2015-09-23T00:00:00+00:00","twitter_card":"summary_large_image","twitter_misc":{"Written by":""},"schema":{"@context":"https:\/\/schema.org","@graph":[{"@type":"WebSite","@id":"https:\/\/hillsong.com\/germany\/fr\/#website","url":"https:\/\/hillsong.com\/germany\/fr\/","name":"Dach","description":"","potentialAction":[{"@type":"SearchAction","target":{"@type":"EntryPoint","urlTemplate":"https:\/\/hillsong.com\/germany\/fr\/?s={search_term_string}"},"query-input":"required name=search_term_string"}],"inLanguage":"pt-BR"},{"@type":"WebPage","@id":"https:\/\/hillsong.com\/germany\/es\/event\/2015\/09\/richard-van-der-kolk\/#webpage","url":"https:\/\/hillsong.com\/germany\/es\/event\/2015\/09\/richard-van-der-kolk\/","name":"Richard van der Kolk - Dach","isPartOf":{"@id":"https:\/\/hillsong.com\/germany\/fr\/#website"},"datePublished":"2015-09-23T00:00:00+00:00","dateModified":"2015-09-23T00:00:00+00:00","author":{"@id":""},"breadcrumb":{"@id":"https:\/\/hillsong.com\/germany\/es\/event\/2015\/09\/richard-van-der-kolk\/#breadcrumb"},"inLanguage":"pt-BR","potentialAction":[{"@type":"ReadAction","target":["https:\/\/hillsong.com\/germany\/es\/event\/2015\/09\/richard-van-der-kolk\/"]}]},{"@type":"BreadcrumbList","@id":"https:\/\/hillsong.com\/germany\/es\/event\/2015\/09\/richard-van-der-kolk\/#breadcrumb","itemListElement":[{"@type":"ListItem","position":1,"name":"Home","item":"https:\/\/hillsong.com\/germany\/"},{"@type":"ListItem","position":2,"name":"Richard van der Kolk"}]},{"@type":"Person","@id":"","url":"https:\/\/hillsong.com\/germany\/pb\/author\/"}]}},"_links":{"self":[{"href":"https:\/\/hillsong.com\/germany\/pb\/wp-json\/wp\/v2\/posts\/96053"}],"collection":[{"href":"https:\/\/hillsong.com\/germany\/pb\/wp-json\/wp\/v2\/posts"}],"about":[{"href":"https:\/\/hillsong.com\/germany\/pb\/wp-json\/wp\/v2\/types\/post"}],"author":[{"embeddable":true,"href":"https:\/\/hillsong.com\/germany\/pb\/wp-json\/wp\/v2\/users\/1394"}],"replies":[{"embeddable":true,"href":"https:\/\/hillsong.com\/germany\/pb\/wp-json\/wp\/v2\/comments?post=96053"}],"version-history":[{"count":0,"href":"https:\/\/hillsong.com\/germany\/pb\/wp-json\/wp\/v2\/posts\/96053\/revisions"}],"wp:attachment":[{"href":"https:\/\/hillsong.com\/germany\/pb\/wp-json\/wp\/v2\/media?parent=96053"}],"wp:term":[{"taxonomy":"category","embeddable":true,"href":"https:\/\/hillsong.com\/germany\/pb\/wp-json\/wp\/v2\/categories?post=96053"},{"taxonomy":"post_tag","embeddable":true,"href":"https:\/\/hillsong.com\/germany\/pb\/wp-json\/wp\/v2\/tags?post=96053"}],"curies":[{"name":"wp","href":"https:\/\/api.w.org\/{rel}","templated":true}]}}