{"id":637138,"date":"2021-06-30T15:29:42","date_gmt":"2021-06-30T15:29:42","guid":{"rendered":"https:\/\/hillsong.com\/germany\/?p=637138"},"modified":"2021-08-25T09:01:30","modified_gmt":"2021-08-25T09:01:30","slug":"02-9-creative-team-night-re-launch","status":"publish","type":"post","link":"https:\/\/hillsong.com\/germany\/sv\/event\/2021\/06\/02-9-creative-team-night-re-launch\/","title":{"rendered":"02.09. | Creative TEAM NIGHT Re-launch"},"content":{"rendered":"<p class=\"qtranxs-available-languages-message qtranxs-available-languages-message-sv\">Tyv\u00e4rr \u00e4r denna artikel enbart tillg\u00e4nglig p\u00e5 <a href=\"https:\/\/hillsong.com\/germany\/de\/wp-json\/wp\/v2\/posts\/637138\/\" class=\"qtranxs-available-language-link qtranxs-available-language-link-de\" title=\"Deutsch\">Tyska<\/a>.<\/p><p>Nach 4 Wochen Pause kommen wir voller Energie zur\u00fcck und l\u00e4uten die 2te Jahresh\u00e4lfte mit einem Bang ein. TN ist immer special aber diese k\u00f6nnte auf ein ganz anderes Level gehen \ud83d\ude42<\/p>\n<p>Treffpunkt:<br \/>\n19:00 Uhr<br \/>\nSchneckenburgstra\u00dfe 11 (Halle 1)<\/p>\n<p>&nbsp;<\/p>","protected":false},"excerpt":{"rendered":"<p>Tyv\u00e4rr \u00e4r denna artikel enbart tillg\u00e4nglig p\u00e5 Tyska.Nach 4 Wochen Pause kommen wir voller Energie zur\u00fcck und l\u00e4uten die 2te Jahresh\u00e4lfte mit einem Bang ein. TN ist immer special aber diese k\u00f6nnte auf ein ganz anderes Level gehen \ud83d\ude42 Treffpunkt: 19:00 Uhr Schneckenburgstra\u00dfe 11 (Halle 1) &nbsp;<\/p>\n","protected":false},"author":54094,"featured_media":0,"comment_status":"open","ping_status":"open","sticky":false,"template":"","format":"standard","meta":{"footnotes":""},"categories":[15403,271,272],"tags":[283],"acf":[],"yoast_head":"<!-- This site is optimized with the Yoast SEO plugin v18.9 - https:\/\/yoast.com\/wordpress\/plugins\/seo\/ -->\n<title><\/title>\n<meta name=\"robots\" content=\"index, follow, max-snippet:-1, max-image-preview:large, max-video-preview:-1\" \/>\n<link rel=\"canonical\" href=\"https:\/\/hillsong.com\/germany\/pb\/event\/2021\/06\/02-9-creative-team-night-re-launch\/\" \/>\n<meta property=\"og:locale\" content=\"sv_SE\" \/>\n<meta property=\"og:type\" content=\"article\" \/>\n<meta property=\"og:title\" content=\"[:de]02.09. | Creative TEAM NIGHT Re-launch [:] - Dach\" \/>\n<meta property=\"og:description\" content=\"Tyv\u00e4rr \u00e4r denna artikel enbart tillg\u00e4nglig p\u00e5 Tyska.Nach 4 Wochen Pause kommen wir voller Energie zur\u00fcck und l\u00e4uten die 2te Jahresh\u00e4lfte mit einem Bang ein. TN ist immer special aber diese k\u00f6nnte auf ein ganz anderes Level gehen \ud83d\ude42 Treffpunkt: 19:00 Uhr Schneckenburgstra\u00dfe 11 (Halle 1) &nbsp;\" \/>\n<meta property=\"og:url\" content=\"https:\/\/hillsong.com\/germany\/pb\/event\/2021\/06\/02-9-creative-team-night-re-launch\/\" \/>\n<meta property=\"og:site_name\" content=\"Dach\" \/>\n<meta property=\"article:published_time\" content=\"2021-06-30T15:29:42+00:00\" \/>\n<meta property=\"article:modified_time\" content=\"2021-08-25T09:01:30+00:00\" \/>\n<meta name=\"twitter:card\" content=\"summary_large_image\" \/>\n<meta name=\"twitter:label1\" content=\"Written by\" \/>\n\t<meta name=\"twitter:data1\" content=\"lukaskenntner\" \/>\n<script type=\"application\/ld+json\" class=\"yoast-schema-graph\">{\"@context\":\"https:\/\/schema.org\",\"@graph\":[{\"@type\":\"WebSite\",\"@id\":\"https:\/\/hillsong.com\/germany\/fr\/#website\",\"url\":\"https:\/\/hillsong.com\/germany\/fr\/\",\"name\":\"Dach\",\"description\":\"\",\"potentialAction\":[{\"@type\":\"SearchAction\",\"target\":{\"@type\":\"EntryPoint\",\"urlTemplate\":\"https:\/\/hillsong.com\/germany\/fr\/?s={search_term_string}\"},\"query-input\":\"required name=search_term_string\"}],\"inLanguage\":\"sv-SE\"},{\"@type\":\"WebPage\",\"@id\":\"https:\/\/hillsong.com\/germany\/pb\/event\/2021\/06\/02-9-creative-team-night-re-launch\/#webpage\",\"url\":\"https:\/\/hillsong.com\/germany\/pb\/event\/2021\/06\/02-9-creative-team-night-re-launch\/\",\"name\":\"[:de]02.09. | Creative TEAM NIGHT Re-launch [:] - Dach\",\"isPartOf\":{\"@id\":\"https:\/\/hillsong.com\/germany\/fr\/#website\"},\"datePublished\":\"2021-06-30T15:29:42+00:00\",\"dateModified\":\"2021-08-25T09:01:30+00:00\",\"author\":{\"@id\":\"https:\/\/hillsong.com\/germany\/fr\/#\/schema\/person\/a25cec3bb722d81ab1dd6041033b82fa\"},\"breadcrumb\":{\"@id\":\"https:\/\/hillsong.com\/germany\/pb\/event\/2021\/06\/02-9-creative-team-night-re-launch\/#breadcrumb\"},\"inLanguage\":\"sv-SE\",\"potentialAction\":[{\"@type\":\"ReadAction\",\"target\":[\"https:\/\/hillsong.com\/germany\/pb\/event\/2021\/06\/02-9-creative-team-night-re-launch\/\"]}]},{\"@type\":\"BreadcrumbList\",\"@id\":\"https:\/\/hillsong.com\/germany\/pb\/event\/2021\/06\/02-9-creative-team-night-re-launch\/#breadcrumb\",\"itemListElement\":[{\"@type\":\"ListItem\",\"position\":1,\"name\":\"Home\",\"item\":\"https:\/\/hillsong.com\/germany\/\"},{\"@type\":\"ListItem\",\"position\":2,\"name\":\"02.09. | Creative TEAM NIGHT Re-launch\"}]},{\"@type\":\"Person\",\"@id\":\"https:\/\/hillsong.com\/germany\/fr\/#\/schema\/person\/a25cec3bb722d81ab1dd6041033b82fa\",\"name\":\"lukaskenntner\",\"image\":{\"@type\":\"ImageObject\",\"inLanguage\":\"sv-SE\",\"@id\":\"https:\/\/hillsong.com\/germany\/fr\/#\/schema\/person\/image\/\",\"url\":\"https:\/\/secure.gravatar.com\/avatar\/e62a4f9cf83e872e657605fd7e4735a1?s=96&d=mm&r=g\",\"contentUrl\":\"https:\/\/secure.gravatar.com\/avatar\/e62a4f9cf83e872e657605fd7e4735a1?s=96&d=mm&r=g\",\"caption\":\"lukaskenntner\"},\"url\":\"https:\/\/hillsong.com\/germany\/sv\/author\/lukaskenntner\/\"}]}<\/script>\n<!-- \/ Yoast SEO plugin. -->","yoast_head_json":{"title":"[:de]02.09. | Creative TEAM NIGHT Re-launch [:] - Dach","robots":{"index":"index","follow":"follow","max-snippet":"max-snippet:-1","max-image-preview":"max-image-preview:large","max-video-preview":"max-video-preview:-1"},"canonical":"https:\/\/hillsong.com\/germany\/pb\/event\/2021\/06\/02-9-creative-team-night-re-launch\/","og_locale":"sv_SE","og_type":"article","og_title":"[:de]02.09. | Creative TEAM NIGHT Re-launch [:] - Dach","og_description":"Tyv\u00e4rr \u00e4r denna artikel enbart tillg\u00e4nglig p\u00e5 Tyska.Nach 4 Wochen Pause kommen wir voller Energie zur\u00fcck und l\u00e4uten die 2te Jahresh\u00e4lfte mit einem Bang ein. TN ist immer special aber diese k\u00f6nnte auf ein ganz anderes Level gehen \ud83d\ude42 Treffpunkt: 19:00 Uhr Schneckenburgstra\u00dfe 11 (Halle 1) &nbsp;","og_url":"https:\/\/hillsong.com\/germany\/pb\/event\/2021\/06\/02-9-creative-team-night-re-launch\/","og_site_name":"Dach","article_published_time":"2021-06-30T15:29:42+00:00","article_modified_time":"2021-08-25T09:01:30+00:00","twitter_card":"summary_large_image","twitter_misc":{"Written by":"lukaskenntner"},"schema":{"@context":"https:\/\/schema.org","@graph":[{"@type":"WebSite","@id":"https:\/\/hillsong.com\/germany\/fr\/#website","url":"https:\/\/hillsong.com\/germany\/fr\/","name":"Dach","description":"","potentialAction":[{"@type":"SearchAction","target":{"@type":"EntryPoint","urlTemplate":"https:\/\/hillsong.com\/germany\/fr\/?s={search_term_string}"},"query-input":"required name=search_term_string"}],"inLanguage":"sv-SE"},{"@type":"WebPage","@id":"https:\/\/hillsong.com\/germany\/pb\/event\/2021\/06\/02-9-creative-team-night-re-launch\/#webpage","url":"https:\/\/hillsong.com\/germany\/pb\/event\/2021\/06\/02-9-creative-team-night-re-launch\/","name":"[:de]02.09. | Creative TEAM NIGHT Re-launch [:] - Dach","isPartOf":{"@id":"https:\/\/hillsong.com\/germany\/fr\/#website"},"datePublished":"2021-06-30T15:29:42+00:00","dateModified":"2021-08-25T09:01:30+00:00","author":{"@id":"https:\/\/hillsong.com\/germany\/fr\/#\/schema\/person\/a25cec3bb722d81ab1dd6041033b82fa"},"breadcrumb":{"@id":"https:\/\/hillsong.com\/germany\/pb\/event\/2021\/06\/02-9-creative-team-night-re-launch\/#breadcrumb"},"inLanguage":"sv-SE","potentialAction":[{"@type":"ReadAction","target":["https:\/\/hillsong.com\/germany\/pb\/event\/2021\/06\/02-9-creative-team-night-re-launch\/"]}]},{"@type":"BreadcrumbList","@id":"https:\/\/hillsong.com\/germany\/pb\/event\/2021\/06\/02-9-creative-team-night-re-launch\/#breadcrumb","itemListElement":[{"@type":"ListItem","position":1,"name":"Home","item":"https:\/\/hillsong.com\/germany\/"},{"@type":"ListItem","position":2,"name":"02.09. | Creative TEAM NIGHT Re-launch"}]},{"@type":"Person","@id":"https:\/\/hillsong.com\/germany\/fr\/#\/schema\/person\/a25cec3bb722d81ab1dd6041033b82fa","name":"lukaskenntner","image":{"@type":"ImageObject","inLanguage":"sv-SE","@id":"https:\/\/hillsong.com\/germany\/fr\/#\/schema\/person\/image\/","url":"https:\/\/secure.gravatar.com\/avatar\/e62a4f9cf83e872e657605fd7e4735a1?s=96&d=mm&r=g","contentUrl":"https:\/\/secure.gravatar.com\/avatar\/e62a4f9cf83e872e657605fd7e4735a1?s=96&d=mm&r=g","caption":"lukaskenntner"},"url":"https:\/\/hillsong.com\/germany\/sv\/author\/lukaskenntner\/"}]}},"_links":{"self":[{"href":"https:\/\/hillsong.com\/germany\/sv\/wp-json\/wp\/v2\/posts\/637138"}],"collection":[{"href":"https:\/\/hillsong.com\/germany\/sv\/wp-json\/wp\/v2\/posts"}],"about":[{"href":"https:\/\/hillsong.com\/germany\/sv\/wp-json\/wp\/v2\/types\/post"}],"author":[{"embeddable":true,"href":"https:\/\/hillsong.com\/germany\/sv\/wp-json\/wp\/v2\/users\/54094"}],"replies":[{"embeddable":true,"href":"https:\/\/hillsong.com\/germany\/sv\/wp-json\/wp\/v2\/comments?post=637138"}],"version-history":[{"count":3,"href":"https:\/\/hillsong.com\/germany\/sv\/wp-json\/wp\/v2\/posts\/637138\/revisions"}],"predecessor-version":[{"id":638066,"href":"https:\/\/hillsong.com\/germany\/sv\/wp-json\/wp\/v2\/posts\/637138\/revisions\/638066"}],"wp:attachment":[{"href":"https:\/\/hillsong.com\/germany\/sv\/wp-json\/wp\/v2\/media?parent=637138"}],"wp:term":[{"taxonomy":"category","embeddable":true,"href":"https:\/\/hillsong.com\/germany\/sv\/wp-json\/wp\/v2\/categories?post=637138"},{"taxonomy":"post_tag","embeddable":true,"href":"https:\/\/hillsong.com\/germany\/sv\/wp-json\/wp\/v2\/tags?post=637138"}],"curies":[{"name":"wp","href":"https:\/\/api.w.org\/{rel}","templated":true}]}}