{"id":638322,"date":"2021-09-29T09:30:55","date_gmt":"2021-09-29T09:30:55","guid":{"rendered":"https:\/\/hillsong.com\/germany\/?p=638322"},"modified":"2021-09-29T09:32:04","modified_gmt":"2021-09-29T09:32:04","slug":"16-10-walk-for-freedom-2","status":"publish","type":"post","link":"https:\/\/hillsong.com\/germany\/sv\/event\/2021\/09\/16-10-walk-for-freedom-2\/","title":{"rendered":"16.10. | Walk For Freedom"},"content":{"rendered":"<p><\/p>\n<div>WALK FOR FREEDOM<\/div>\n<div>\n<div>\n<p>LOKALER WALK. GLOBALE AUSWIRKUNG.<\/p>\n<p>Menschenhandel ist moderne Sklaverei. J\u00e4hrlich werden global etwa 150,2 Milliarden US-Dollar mit der Ausbeutung von Menschen verdient. Weniger als 1% der Opfer werden derzeit gerettet. Weniger als 1% der Menschenh\u00e4ndler werden derzeit verurteilt. GEMEINSAM K\u00d6NNEN WIR DAS \u00c4NDERN!<\/p>\n<p>Sei am 16. Oktober in Konstanz dabei! Wir laufen, um die Nachfrage nach Sklaverei zu unterbrechen. Mit jedem Schritt wollen wir darauf aufmerksam machen. Je mehr wir sind, desto gr\u00f6\u00dfer die Wirkung. Jede\/r einzelne z\u00e4hlt!<\/p>\n<p>Teilnehmerinfos:<\/p>\n<p>Um die Aufmerksamkeit zu erh\u00f6hen haben wir als Dresscode schwarze Kleidung.<\/p>\n<p>Au\u00dferdem, wenn du hast bringe gerne deinen schwarzen A21 Schirm oder einfach einen schwarzen Regenschirm mit!<\/p>\n<p>Wir werden mit den Schirmen &amp; Info Schildern schweigend in einer Reihe laufen.<\/p>\n<\/div>\n<\/div>\n<p><\/p>","protected":false},"excerpt":{"rendered":"<p>WALK FOR FREEDOM LOKALER WALK. GLOBALE AUSWIRKUNG. Menschenhandel ist moderne Sklaverei. J\u00e4hrlich werden global etwa 150,2 Milliarden US-Dollar mit der Ausbeutung von Menschen verdient. Weniger als 1% der Opfer werden derzeit gerettet. Weniger als 1% der Menschenh\u00e4ndler werden derzeit verurteilt. GEMEINSAM K\u00d6NNEN WIR DAS \u00c4NDERN! Sei am 16. Oktober in Konstanz dabei! Wir laufen, um [&hellip;]<\/p>\n","protected":false},"author":53999,"featured_media":0,"comment_status":"open","ping_status":"open","sticky":false,"template":"","format":"standard","meta":{"footnotes":""},"categories":[273,14964,271],"tags":[285],"acf":[],"yoast_head":"<!-- This site is optimized with the Yoast SEO plugin v18.9 - https:\/\/yoast.com\/wordpress\/plugins\/seo\/ -->\n<title>16.10. | Walk For Freedom - Dach<\/title>\n<meta name=\"robots\" content=\"index, follow, max-snippet:-1, max-image-preview:large, max-video-preview:-1\" \/>\n<link rel=\"canonical\" href=\"https:\/\/hillsong.com\/germany\/id\/event\/2021\/09\/16-10-walk-for-freedom-2\/\" \/>\n<meta property=\"og:locale\" content=\"sv_SE\" \/>\n<meta property=\"og:type\" content=\"article\" \/>\n<meta property=\"og:title\" content=\"16.10. | Walk For Freedom - Dach\" \/>\n<meta property=\"og:description\" content=\"WALK FOR FREEDOM LOKALER WALK. GLOBALE AUSWIRKUNG. Menschenhandel ist moderne Sklaverei. J\u00e4hrlich werden global etwa 150,2 Milliarden US-Dollar mit der Ausbeutung von Menschen verdient. Weniger als 1% der Opfer werden derzeit gerettet. Weniger als 1% der Menschenh\u00e4ndler werden derzeit verurteilt. GEMEINSAM K\u00d6NNEN WIR DAS \u00c4NDERN! Sei am 16. Oktober in Konstanz dabei! Wir laufen, um [&hellip;]\" \/>\n<meta property=\"og:url\" content=\"https:\/\/hillsong.com\/germany\/id\/event\/2021\/09\/16-10-walk-for-freedom-2\/\" \/>\n<meta property=\"og:site_name\" content=\"Dach\" \/>\n<meta property=\"article:published_time\" content=\"2021-09-29T09:30:55+00:00\" \/>\n<meta property=\"article:modified_time\" content=\"2021-09-29T09:32:04+00:00\" \/>\n<meta name=\"twitter:card\" content=\"summary_large_image\" \/>\n<meta name=\"twitter:label1\" content=\"Written by\" \/>\n\t<meta name=\"twitter:data1\" content=\"Elisabeth Strack\" \/>\n\t<meta name=\"twitter:label2\" content=\"Est. reading time\" \/>\n\t<meta name=\"twitter:data2\" content=\"10 minutes\" \/>\n<script type=\"application\/ld+json\" class=\"yoast-schema-graph\">{\"@context\":\"https:\/\/schema.org\",\"@graph\":[{\"@type\":\"WebSite\",\"@id\":\"https:\/\/hillsong.com\/germany\/fr\/#website\",\"url\":\"https:\/\/hillsong.com\/germany\/fr\/\",\"name\":\"Dach\",\"description\":\"\",\"potentialAction\":[{\"@type\":\"SearchAction\",\"target\":{\"@type\":\"EntryPoint\",\"urlTemplate\":\"https:\/\/hillsong.com\/germany\/fr\/?s={search_term_string}\"},\"query-input\":\"required name=search_term_string\"}],\"inLanguage\":\"sv-SE\"},{\"@type\":\"WebPage\",\"@id\":\"https:\/\/hillsong.com\/germany\/id\/event\/2021\/09\/16-10-walk-for-freedom-2\/#webpage\",\"url\":\"https:\/\/hillsong.com\/germany\/id\/event\/2021\/09\/16-10-walk-for-freedom-2\/\",\"name\":\"16.10. | Walk For Freedom - Dach\",\"isPartOf\":{\"@id\":\"https:\/\/hillsong.com\/germany\/fr\/#website\"},\"datePublished\":\"2021-09-29T09:30:55+00:00\",\"dateModified\":\"2021-09-29T09:32:04+00:00\",\"author\":{\"@id\":\"https:\/\/hillsong.com\/germany\/fr\/#\/schema\/person\/758598958e0c67d51bf1abf176000efc\"},\"breadcrumb\":{\"@id\":\"https:\/\/hillsong.com\/germany\/id\/event\/2021\/09\/16-10-walk-for-freedom-2\/#breadcrumb\"},\"inLanguage\":\"sv-SE\",\"potentialAction\":[{\"@type\":\"ReadAction\",\"target\":[\"https:\/\/hillsong.com\/germany\/id\/event\/2021\/09\/16-10-walk-for-freedom-2\/\"]}]},{\"@type\":\"BreadcrumbList\",\"@id\":\"https:\/\/hillsong.com\/germany\/id\/event\/2021\/09\/16-10-walk-for-freedom-2\/#breadcrumb\",\"itemListElement\":[{\"@type\":\"ListItem\",\"position\":1,\"name\":\"Home\",\"item\":\"https:\/\/hillsong.com\/germany\/\"},{\"@type\":\"ListItem\",\"position\":2,\"name\":\"16.10. | Walk For Freedom\"}]},{\"@type\":\"Person\",\"@id\":\"https:\/\/hillsong.com\/germany\/fr\/#\/schema\/person\/758598958e0c67d51bf1abf176000efc\",\"name\":\"Elisabeth Strack\",\"image\":{\"@type\":\"ImageObject\",\"inLanguage\":\"sv-SE\",\"@id\":\"https:\/\/hillsong.com\/germany\/fr\/#\/schema\/person\/image\/\",\"url\":\"https:\/\/secure.gravatar.com\/avatar\/1a035b92c823879078316a0a55504783?s=96&d=mm&r=g\",\"contentUrl\":\"https:\/\/secure.gravatar.com\/avatar\/1a035b92c823879078316a0a55504783?s=96&d=mm&r=g\",\"caption\":\"Elisabeth Strack\"},\"url\":\"https:\/\/hillsong.com\/germany\/sv\/author\/elisabeth-strack\/\"}]}<\/script>\n<!-- \/ Yoast SEO plugin. -->","yoast_head_json":{"title":"16.10. | Walk For Freedom - Dach","robots":{"index":"index","follow":"follow","max-snippet":"max-snippet:-1","max-image-preview":"max-image-preview:large","max-video-preview":"max-video-preview:-1"},"canonical":"https:\/\/hillsong.com\/germany\/id\/event\/2021\/09\/16-10-walk-for-freedom-2\/","og_locale":"sv_SE","og_type":"article","og_title":"16.10. | Walk For Freedom - Dach","og_description":"WALK FOR FREEDOM LOKALER WALK. GLOBALE AUSWIRKUNG. Menschenhandel ist moderne Sklaverei. J\u00e4hrlich werden global etwa 150,2 Milliarden US-Dollar mit der Ausbeutung von Menschen verdient. Weniger als 1% der Opfer werden derzeit gerettet. Weniger als 1% der Menschenh\u00e4ndler werden derzeit verurteilt. GEMEINSAM K\u00d6NNEN WIR DAS \u00c4NDERN! Sei am 16. Oktober in Konstanz dabei! Wir laufen, um [&hellip;]","og_url":"https:\/\/hillsong.com\/germany\/id\/event\/2021\/09\/16-10-walk-for-freedom-2\/","og_site_name":"Dach","article_published_time":"2021-09-29T09:30:55+00:00","article_modified_time":"2021-09-29T09:32:04+00:00","twitter_card":"summary_large_image","twitter_misc":{"Written by":"Elisabeth Strack","Est. reading time":"10 minutes"},"schema":{"@context":"https:\/\/schema.org","@graph":[{"@type":"WebSite","@id":"https:\/\/hillsong.com\/germany\/fr\/#website","url":"https:\/\/hillsong.com\/germany\/fr\/","name":"Dach","description":"","potentialAction":[{"@type":"SearchAction","target":{"@type":"EntryPoint","urlTemplate":"https:\/\/hillsong.com\/germany\/fr\/?s={search_term_string}"},"query-input":"required name=search_term_string"}],"inLanguage":"sv-SE"},{"@type":"WebPage","@id":"https:\/\/hillsong.com\/germany\/id\/event\/2021\/09\/16-10-walk-for-freedom-2\/#webpage","url":"https:\/\/hillsong.com\/germany\/id\/event\/2021\/09\/16-10-walk-for-freedom-2\/","name":"16.10. | Walk For Freedom - Dach","isPartOf":{"@id":"https:\/\/hillsong.com\/germany\/fr\/#website"},"datePublished":"2021-09-29T09:30:55+00:00","dateModified":"2021-09-29T09:32:04+00:00","author":{"@id":"https:\/\/hillsong.com\/germany\/fr\/#\/schema\/person\/758598958e0c67d51bf1abf176000efc"},"breadcrumb":{"@id":"https:\/\/hillsong.com\/germany\/id\/event\/2021\/09\/16-10-walk-for-freedom-2\/#breadcrumb"},"inLanguage":"sv-SE","potentialAction":[{"@type":"ReadAction","target":["https:\/\/hillsong.com\/germany\/id\/event\/2021\/09\/16-10-walk-for-freedom-2\/"]}]},{"@type":"BreadcrumbList","@id":"https:\/\/hillsong.com\/germany\/id\/event\/2021\/09\/16-10-walk-for-freedom-2\/#breadcrumb","itemListElement":[{"@type":"ListItem","position":1,"name":"Home","item":"https:\/\/hillsong.com\/germany\/"},{"@type":"ListItem","position":2,"name":"16.10. | Walk For Freedom"}]},{"@type":"Person","@id":"https:\/\/hillsong.com\/germany\/fr\/#\/schema\/person\/758598958e0c67d51bf1abf176000efc","name":"Elisabeth Strack","image":{"@type":"ImageObject","inLanguage":"sv-SE","@id":"https:\/\/hillsong.com\/germany\/fr\/#\/schema\/person\/image\/","url":"https:\/\/secure.gravatar.com\/avatar\/1a035b92c823879078316a0a55504783?s=96&d=mm&r=g","contentUrl":"https:\/\/secure.gravatar.com\/avatar\/1a035b92c823879078316a0a55504783?s=96&d=mm&r=g","caption":"Elisabeth Strack"},"url":"https:\/\/hillsong.com\/germany\/sv\/author\/elisabeth-strack\/"}]}},"_links":{"self":[{"href":"https:\/\/hillsong.com\/germany\/sv\/wp-json\/wp\/v2\/posts\/638322"}],"collection":[{"href":"https:\/\/hillsong.com\/germany\/sv\/wp-json\/wp\/v2\/posts"}],"about":[{"href":"https:\/\/hillsong.com\/germany\/sv\/wp-json\/wp\/v2\/types\/post"}],"author":[{"embeddable":true,"href":"https:\/\/hillsong.com\/germany\/sv\/wp-json\/wp\/v2\/users\/53999"}],"replies":[{"embeddable":true,"href":"https:\/\/hillsong.com\/germany\/sv\/wp-json\/wp\/v2\/comments?post=638322"}],"version-history":[{"count":2,"href":"https:\/\/hillsong.com\/germany\/sv\/wp-json\/wp\/v2\/posts\/638322\/revisions"}],"predecessor-version":[{"id":638327,"href":"https:\/\/hillsong.com\/germany\/sv\/wp-json\/wp\/v2\/posts\/638322\/revisions\/638327"}],"wp:attachment":[{"href":"https:\/\/hillsong.com\/germany\/sv\/wp-json\/wp\/v2\/media?parent=638322"}],"wp:term":[{"taxonomy":"category","embeddable":true,"href":"https:\/\/hillsong.com\/germany\/sv\/wp-json\/wp\/v2\/categories?post=638322"},{"taxonomy":"post_tag","embeddable":true,"href":"https:\/\/hillsong.com\/germany\/sv\/wp-json\/wp\/v2\/tags?post=638322"}],"curies":[{"name":"wp","href":"https:\/\/api.w.org\/{rel}","templated":true}]}}