{"id":645753,"date":"2023-06-13T09:08:03","date_gmt":"2023-06-13T09:08:03","guid":{"rendered":"https:\/\/hillsong.com\/germany\/?p=645753"},"modified":"2023-06-13T09:40:24","modified_gmt":"2023-06-13T09:40:24","slug":"summer-camp-2","status":"publish","type":"post","link":"https:\/\/hillsong.com\/germany\/sv\/event\/2023\/06\/summer-camp-2\/","title":{"rendered":"SUMMER CAMP"},"content":{"rendered":"<p class=\"qtranxs-available-languages-message qtranxs-available-languages-message-sv\">Tyv\u00e4rr \u00e4r denna artikel enbart tillg\u00e4nglig p\u00e5 <a href=\"https:\/\/hillsong.com\/germany\/en\/wp-json\/wp\/v2\/posts\/645753\/\" class=\"qtranxs-available-language-link qtranxs-available-language-link-en\" title=\"English\">Amerikansk Engelska<\/a> och <a href=\"https:\/\/hillsong.com\/germany\/de\/wp-json\/wp\/v2\/posts\/645753\/\" class=\"qtranxs-available-language-link qtranxs-available-language-link-de\" title=\"Deutsch\">Tyska<\/a>.<\/p><p><strong>THIS SUMMER BELONGS TO YOU!<\/strong><\/p>\n<p>We are full of anticipation for Summer Camp 2023! Look forward to a week that will change your life! Get ready for an unforgettable time where you will meet God and learn more about your identity, calling, friendships and life choices. All while enjoying incredibly good vibes, lots of fun, inspiring worship services with powerful times of worship, and a wide variety of recreational opportunities. In short, you don&#8217;t want to miss this! #fomo<\/p>","protected":false},"excerpt":{"rendered":"<p>Tyv\u00e4rr \u00e4r denna artikel enbart tillg\u00e4nglig p\u00e5 Amerikansk Engelska och Tyska.THIS SUMMER BELONGS TO YOU! We are full of anticipation for Summer Camp 2023! Look forward to a week that will change your life! Get ready for an unforgettable time where you will meet God and learn more about your identity, calling, friendships and life [&hellip;]<\/p>\n","protected":false},"author":51263,"featured_media":0,"comment_status":"open","ping_status":"open","sticky":false,"template":"","format":"standard","meta":{"footnotes":""},"categories":[15403,271,272,1],"tags":[283],"acf":[],"yoast_head":"<!-- This site is optimized with the Yoast SEO plugin v18.9 - https:\/\/yoast.com\/wordpress\/plugins\/seo\/ -->\n<title><\/title>\n<meta name=\"robots\" content=\"index, follow, max-snippet:-1, max-image-preview:large, max-video-preview:-1\" \/>\n<link rel=\"canonical\" href=\"https:\/\/hillsong.com\/germany\/event\/2023\/06\/summer-camp-2\/\" \/>\n<meta property=\"og:locale\" content=\"sv_SE\" \/>\n<meta property=\"og:type\" content=\"article\" \/>\n<meta property=\"og:title\" content=\"[:en]SUMMER CAMP[:de]SUMMERCAMP Y&amp;F[:] - Dach\" \/>\n<meta property=\"og:description\" content=\"Tyv\u00e4rr \u00e4r denna artikel enbart tillg\u00e4nglig p\u00e5 Amerikansk Engelska och Tyska.THIS SUMMER BELONGS TO YOU! We are full of anticipation for Summer Camp 2023! Look forward to a week that will change your life! Get ready for an unforgettable time where you will meet God and learn more about your identity, calling, friendships and life [&hellip;]\" \/>\n<meta property=\"og:url\" content=\"https:\/\/hillsong.com\/germany\/event\/2023\/06\/summer-camp-2\/\" \/>\n<meta property=\"og:site_name\" content=\"Dach\" \/>\n<meta property=\"article:published_time\" content=\"2023-06-13T09:08:03+00:00\" \/>\n<meta property=\"article:modified_time\" content=\"2023-06-13T09:40:24+00:00\" \/>\n<meta name=\"twitter:card\" content=\"summary_large_image\" \/>\n<meta name=\"twitter:label1\" content=\"Written by\" \/>\n\t<meta name=\"twitter:data1\" content=\"Tabea Grimm\" \/>\n\t<meta name=\"twitter:label2\" content=\"Est. reading time\" \/>\n\t<meta name=\"twitter:data2\" content=\"1 minute\" \/>\n<script type=\"application\/ld+json\" class=\"yoast-schema-graph\">{\"@context\":\"https:\/\/schema.org\",\"@graph\":[{\"@type\":\"WebSite\",\"@id\":\"https:\/\/hillsong.com\/germany\/fr\/#website\",\"url\":\"https:\/\/hillsong.com\/germany\/fr\/\",\"name\":\"Dach\",\"description\":\"\",\"potentialAction\":[{\"@type\":\"SearchAction\",\"target\":{\"@type\":\"EntryPoint\",\"urlTemplate\":\"https:\/\/hillsong.com\/germany\/fr\/?s={search_term_string}\"},\"query-input\":\"required name=search_term_string\"}],\"inLanguage\":\"sv-SE\"},{\"@type\":\"WebPage\",\"@id\":\"https:\/\/hillsong.com\/germany\/event\/2023\/06\/summer-camp-2\/#webpage\",\"url\":\"https:\/\/hillsong.com\/germany\/event\/2023\/06\/summer-camp-2\/\",\"name\":\"[:en]SUMMER CAMP[:de]SUMMERCAMP Y&F[:] - Dach\",\"isPartOf\":{\"@id\":\"https:\/\/hillsong.com\/germany\/fr\/#website\"},\"datePublished\":\"2023-06-13T09:08:03+00:00\",\"dateModified\":\"2023-06-13T09:40:24+00:00\",\"author\":{\"@id\":\"https:\/\/hillsong.com\/germany\/fr\/#\/schema\/person\/e43cc03008cdeea1350273d0463f2790\"},\"breadcrumb\":{\"@id\":\"https:\/\/hillsong.com\/germany\/event\/2023\/06\/summer-camp-2\/#breadcrumb\"},\"inLanguage\":\"sv-SE\",\"potentialAction\":[{\"@type\":\"ReadAction\",\"target\":[\"https:\/\/hillsong.com\/germany\/event\/2023\/06\/summer-camp-2\/\"]}]},{\"@type\":\"BreadcrumbList\",\"@id\":\"https:\/\/hillsong.com\/germany\/event\/2023\/06\/summer-camp-2\/#breadcrumb\",\"itemListElement\":[{\"@type\":\"ListItem\",\"position\":1,\"name\":\"Home\",\"item\":\"https:\/\/hillsong.com\/germany\/\"},{\"@type\":\"ListItem\",\"position\":2,\"name\":\"SUMMER CAMP\"}]},{\"@type\":\"Person\",\"@id\":\"https:\/\/hillsong.com\/germany\/fr\/#\/schema\/person\/e43cc03008cdeea1350273d0463f2790\",\"name\":\"Tabea Grimm\",\"image\":{\"@type\":\"ImageObject\",\"inLanguage\":\"sv-SE\",\"@id\":\"https:\/\/hillsong.com\/germany\/fr\/#\/schema\/person\/image\/\",\"url\":\"https:\/\/secure.gravatar.com\/avatar\/d2f0ce69293bf06adc301fad2b507078?s=96&d=mm&r=g\",\"contentUrl\":\"https:\/\/secure.gravatar.com\/avatar\/d2f0ce69293bf06adc301fad2b507078?s=96&d=mm&r=g\",\"caption\":\"Tabea Grimm\"},\"url\":\"https:\/\/hillsong.com\/germany\/sv\/author\/tabea-grimm\/\"}]}<\/script>\n<!-- \/ Yoast SEO plugin. -->","yoast_head_json":{"title":"[:en]SUMMER CAMP[:de]SUMMERCAMP Y&F[:] - Dach","robots":{"index":"index","follow":"follow","max-snippet":"max-snippet:-1","max-image-preview":"max-image-preview:large","max-video-preview":"max-video-preview:-1"},"canonical":"https:\/\/hillsong.com\/germany\/event\/2023\/06\/summer-camp-2\/","og_locale":"sv_SE","og_type":"article","og_title":"[:en]SUMMER CAMP[:de]SUMMERCAMP Y&F[:] - Dach","og_description":"Tyv\u00e4rr \u00e4r denna artikel enbart tillg\u00e4nglig p\u00e5 Amerikansk Engelska och Tyska.THIS SUMMER BELONGS TO YOU! We are full of anticipation for Summer Camp 2023! Look forward to a week that will change your life! Get ready for an unforgettable time where you will meet God and learn more about your identity, calling, friendships and life [&hellip;]","og_url":"https:\/\/hillsong.com\/germany\/event\/2023\/06\/summer-camp-2\/","og_site_name":"Dach","article_published_time":"2023-06-13T09:08:03+00:00","article_modified_time":"2023-06-13T09:40:24+00:00","twitter_card":"summary_large_image","twitter_misc":{"Written by":"Tabea Grimm","Est. reading time":"1 minute"},"schema":{"@context":"https:\/\/schema.org","@graph":[{"@type":"WebSite","@id":"https:\/\/hillsong.com\/germany\/fr\/#website","url":"https:\/\/hillsong.com\/germany\/fr\/","name":"Dach","description":"","potentialAction":[{"@type":"SearchAction","target":{"@type":"EntryPoint","urlTemplate":"https:\/\/hillsong.com\/germany\/fr\/?s={search_term_string}"},"query-input":"required name=search_term_string"}],"inLanguage":"sv-SE"},{"@type":"WebPage","@id":"https:\/\/hillsong.com\/germany\/event\/2023\/06\/summer-camp-2\/#webpage","url":"https:\/\/hillsong.com\/germany\/event\/2023\/06\/summer-camp-2\/","name":"[:en]SUMMER CAMP[:de]SUMMERCAMP Y&F[:] - Dach","isPartOf":{"@id":"https:\/\/hillsong.com\/germany\/fr\/#website"},"datePublished":"2023-06-13T09:08:03+00:00","dateModified":"2023-06-13T09:40:24+00:00","author":{"@id":"https:\/\/hillsong.com\/germany\/fr\/#\/schema\/person\/e43cc03008cdeea1350273d0463f2790"},"breadcrumb":{"@id":"https:\/\/hillsong.com\/germany\/event\/2023\/06\/summer-camp-2\/#breadcrumb"},"inLanguage":"sv-SE","potentialAction":[{"@type":"ReadAction","target":["https:\/\/hillsong.com\/germany\/event\/2023\/06\/summer-camp-2\/"]}]},{"@type":"BreadcrumbList","@id":"https:\/\/hillsong.com\/germany\/event\/2023\/06\/summer-camp-2\/#breadcrumb","itemListElement":[{"@type":"ListItem","position":1,"name":"Home","item":"https:\/\/hillsong.com\/germany\/"},{"@type":"ListItem","position":2,"name":"SUMMER CAMP"}]},{"@type":"Person","@id":"https:\/\/hillsong.com\/germany\/fr\/#\/schema\/person\/e43cc03008cdeea1350273d0463f2790","name":"Tabea Grimm","image":{"@type":"ImageObject","inLanguage":"sv-SE","@id":"https:\/\/hillsong.com\/germany\/fr\/#\/schema\/person\/image\/","url":"https:\/\/secure.gravatar.com\/avatar\/d2f0ce69293bf06adc301fad2b507078?s=96&d=mm&r=g","contentUrl":"https:\/\/secure.gravatar.com\/avatar\/d2f0ce69293bf06adc301fad2b507078?s=96&d=mm&r=g","caption":"Tabea Grimm"},"url":"https:\/\/hillsong.com\/germany\/sv\/author\/tabea-grimm\/"}]}},"_links":{"self":[{"href":"https:\/\/hillsong.com\/germany\/sv\/wp-json\/wp\/v2\/posts\/645753"}],"collection":[{"href":"https:\/\/hillsong.com\/germany\/sv\/wp-json\/wp\/v2\/posts"}],"about":[{"href":"https:\/\/hillsong.com\/germany\/sv\/wp-json\/wp\/v2\/types\/post"}],"author":[{"embeddable":true,"href":"https:\/\/hillsong.com\/germany\/sv\/wp-json\/wp\/v2\/users\/51263"}],"replies":[{"embeddable":true,"href":"https:\/\/hillsong.com\/germany\/sv\/wp-json\/wp\/v2\/comments?post=645753"}],"version-history":[{"count":3,"href":"https:\/\/hillsong.com\/germany\/sv\/wp-json\/wp\/v2\/posts\/645753\/revisions"}],"predecessor-version":[{"id":645761,"href":"https:\/\/hillsong.com\/germany\/sv\/wp-json\/wp\/v2\/posts\/645753\/revisions\/645761"}],"wp:attachment":[{"href":"https:\/\/hillsong.com\/germany\/sv\/wp-json\/wp\/v2\/media?parent=645753"}],"wp:term":[{"taxonomy":"category","embeddable":true,"href":"https:\/\/hillsong.com\/germany\/sv\/wp-json\/wp\/v2\/categories?post=645753"},{"taxonomy":"post_tag","embeddable":true,"href":"https:\/\/hillsong.com\/germany\/sv\/wp-json\/wp\/v2\/tags?post=645753"}],"curies":[{"name":"wp","href":"https:\/\/api.w.org\/{rel}","templated":true}]}}