{"id":639094,"date":"2025-02-22T18:10:46","date_gmt":"2025-02-22T18:10:46","guid":{"rendered":"https:\/\/hillsong.com\/netherlands\/?p=639094"},"modified":"2025-07-20T07:13:08","modified_gmt":"2025-07-20T07:13:08","slug":"youth-summer-camp","status":"publish","type":"post","link":"https:\/\/hillsong.com\/netherlands\/pb\/event\/2025\/02\/youth-summer-camp\/","title":{"rendered":"Youth Summer Camp"},"content":{"rendered":"<p class=\"qtranxs-available-languages-message qtranxs-available-languages-message-pb\">Desculpe-nos, mas este texto est\u00e1 apenas dispon\u00edvel em <a href=\"https:\/\/hillsong.com\/netherlands\/en\/wp-json\/wp\/v2\/posts\/639094\/\" class=\"qtranxs-available-language-link qtranxs-available-language-link-en\" title=\"English\">Ingl\u00eas Americano<\/a>.<\/p><p><strong>Youth Summer Camp 2025!<br \/>\n<\/strong><em>5 \u2013 8 August 2025.<\/em><\/p>\n<p>Youth Summer Camp is not only one of our favourite weeks of the year, but perhaps also one of the most important. We believe it acts as a means for God to accelerate His work in each young person&#8217;s life, and in turn, their families, schools and wider spheres of influence.<\/p>\n<p>Through gospel-led messages and discussions, our youth will have the opportunity to gain and develop values that will set them up in life. They\u2019ll be encouraged, empowered and equipped through workshops, small groups and worship to live out their God-given purpose and calling in the years to come. We believe He\u2019s calling them for big things.<\/p>\n<p>Above all, this week will be an opportunity for young people to get closer to God, develop life-long friendships, and have fun through games, tribal wars and more.<\/p>\n<p>&nbsp;<\/p>\n<p><strong>EVENT DETAILS<\/strong><\/p>\n<p><strong>When:<\/strong>\u00a0From Tuesday August 5th @3pm to Friday August 8th @2pm<br \/>\n<strong>Where:<\/strong>\u00a0Woudenbergseweg 47, 3711 AA Austerlitz<\/p>\n<p><strong>What to bring?<\/strong><\/p>\n<ul>\n<li>Clothes for 4 days<\/li>\n<li>Items in your tribe colour<\/li>\n<li>A set of clothes you don\u2019t mind getting dirty<\/li>\n<li>Pillowcase<\/li>\n<li>Bed sheets + blanket or sleeping bag<\/li>\n<li>Towels<\/li>\n<li>Toiletries (don&#8217;t forget your toothbrush)<\/li>\n<li>Flipflops for the shower<\/li>\n<li>Bible<\/li>\n<li>Notepad<\/li>\n<li>Reusable water bottle<\/li>\n<li>20x Paper cups<\/li>\n<li>10x disposable cutlery (fork, knive, spoon)<\/li>\n<li>10x dispoable plates<\/li>\n<\/ul>\n<p><\/p>","protected":false},"excerpt":{"rendered":"<p>Desculpe-nos, mas este texto est\u00e1 apenas dispon\u00edvel em Ingl\u00eas Americano.Youth Summer Camp 2025! 5 \u2013 8 August 2025. Youth Summer Camp is not only one of our favourite weeks of the year, but perhaps also one of the most important. We believe it acts as a means for God to accelerate His work in each [&hellip;]<\/p>\n","protected":false},"author":54235,"featured_media":0,"comment_status":"open","ping_status":"open","sticky":false,"template":"","format":"standard","meta":{"footnotes":""},"categories":[230,15368,15370,231,15118,15369],"tags":[],"acf":[],"yoast_head":"<!-- This site is optimized with the Yoast SEO plugin v18.9 - https:\/\/yoast.com\/wordpress\/plugins\/seo\/ -->\n<title><\/title>\n<meta name=\"robots\" content=\"index, follow, max-snippet:-1, max-image-preview:large, max-video-preview:-1\" \/>\n<link rel=\"canonical\" href=\"https:\/\/hillsong.com\/netherlands\/fr\/event\/2025\/02\/youth-summer-camp\/\" \/>\n<meta property=\"og:locale\" content=\"pt_BR\" \/>\n<meta property=\"og:type\" content=\"article\" \/>\n<meta property=\"og:title\" content=\"[:en]Youth Summer Camp[:] - Netherlands\" \/>\n<meta property=\"og:description\" content=\"Desculpe-nos, mas este texto est\u00e1 apenas dispon\u00edvel em Ingl\u00eas Americano.Youth Summer Camp 2025! 5 \u2013 8 August 2025. Youth Summer Camp is not only one of our favourite weeks of the year, but perhaps also one of the most important. We believe it acts as a means for God to accelerate His work in each [&hellip;]\" \/>\n<meta property=\"og:url\" content=\"https:\/\/hillsong.com\/netherlands\/fr\/event\/2025\/02\/youth-summer-camp\/\" \/>\n<meta property=\"og:site_name\" content=\"Netherlands\" \/>\n<meta property=\"article:published_time\" content=\"2025-02-22T18:10:46+00:00\" \/>\n<meta property=\"article:modified_time\" content=\"2025-07-20T07:13:08+00:00\" \/>\n<meta name=\"twitter:card\" content=\"summary_large_image\" \/>\n<meta name=\"twitter:label1\" content=\"Written by\" \/>\n\t<meta name=\"twitter:data1\" content=\"bernicevandalfsen\" \/>\n\t<meta name=\"twitter:label2\" content=\"Est. reading time\" \/>\n\t<meta name=\"twitter:data2\" content=\"1 minute\" \/>\n<script type=\"application\/ld+json\" class=\"yoast-schema-graph\">{\"@context\":\"https:\/\/schema.org\",\"@graph\":[{\"@type\":\"WebSite\",\"@id\":\"https:\/\/hillsong.com\/netherlands\/id\/#website\",\"url\":\"https:\/\/hillsong.com\/netherlands\/id\/\",\"name\":\"Netherlands\",\"description\":\"\",\"potentialAction\":[{\"@type\":\"SearchAction\",\"target\":{\"@type\":\"EntryPoint\",\"urlTemplate\":\"https:\/\/hillsong.com\/netherlands\/id\/?s={search_term_string}\"},\"query-input\":\"required name=search_term_string\"}],\"inLanguage\":\"pt-BR\"},{\"@type\":\"WebPage\",\"@id\":\"https:\/\/hillsong.com\/netherlands\/fr\/event\/2025\/02\/youth-summer-camp\/#webpage\",\"url\":\"https:\/\/hillsong.com\/netherlands\/fr\/event\/2025\/02\/youth-summer-camp\/\",\"name\":\"[:en]Youth Summer Camp[:] - Netherlands\",\"isPartOf\":{\"@id\":\"https:\/\/hillsong.com\/netherlands\/id\/#website\"},\"datePublished\":\"2025-02-22T18:10:46+00:00\",\"dateModified\":\"2025-07-20T07:13:08+00:00\",\"author\":{\"@id\":\"https:\/\/hillsong.com\/netherlands\/id\/#\/schema\/person\/7905e4a7f292405d6af0bbeb410968c2\"},\"breadcrumb\":{\"@id\":\"https:\/\/hillsong.com\/netherlands\/fr\/event\/2025\/02\/youth-summer-camp\/#breadcrumb\"},\"inLanguage\":\"pt-BR\",\"potentialAction\":[{\"@type\":\"ReadAction\",\"target\":[\"https:\/\/hillsong.com\/netherlands\/fr\/event\/2025\/02\/youth-summer-camp\/\"]}]},{\"@type\":\"BreadcrumbList\",\"@id\":\"https:\/\/hillsong.com\/netherlands\/fr\/event\/2025\/02\/youth-summer-camp\/#breadcrumb\",\"itemListElement\":[{\"@type\":\"ListItem\",\"position\":1,\"name\":\"Home\",\"item\":\"https:\/\/hillsong.com\/netherlands\/\"},{\"@type\":\"ListItem\",\"position\":2,\"name\":\"Youth Summer Camp\"}]},{\"@type\":\"Person\",\"@id\":\"https:\/\/hillsong.com\/netherlands\/id\/#\/schema\/person\/7905e4a7f292405d6af0bbeb410968c2\",\"name\":\"bernicevandalfsen\",\"image\":{\"@type\":\"ImageObject\",\"inLanguage\":\"pt-BR\",\"@id\":\"https:\/\/hillsong.com\/netherlands\/id\/#\/schema\/person\/image\/\",\"url\":\"https:\/\/secure.gravatar.com\/avatar\/c1e23a58e740fb8dcfe2f1bc00c80ecc?s=96&d=mm&r=g\",\"contentUrl\":\"https:\/\/secure.gravatar.com\/avatar\/c1e23a58e740fb8dcfe2f1bc00c80ecc?s=96&d=mm&r=g\",\"caption\":\"bernicevandalfsen\"},\"url\":\"https:\/\/hillsong.com\/netherlands\/pb\/author\/bernicevandalfsen\/\"}]}<\/script>\n<!-- \/ Yoast SEO plugin. -->","yoast_head_json":{"title":"[:en]Youth Summer Camp[:] - Netherlands","robots":{"index":"index","follow":"follow","max-snippet":"max-snippet:-1","max-image-preview":"max-image-preview:large","max-video-preview":"max-video-preview:-1"},"canonical":"https:\/\/hillsong.com\/netherlands\/fr\/event\/2025\/02\/youth-summer-camp\/","og_locale":"pt_BR","og_type":"article","og_title":"[:en]Youth Summer Camp[:] - Netherlands","og_description":"Desculpe-nos, mas este texto est\u00e1 apenas dispon\u00edvel em Ingl\u00eas Americano.Youth Summer Camp 2025! 5 \u2013 8 August 2025. Youth Summer Camp is not only one of our favourite weeks of the year, but perhaps also one of the most important. We believe it acts as a means for God to accelerate His work in each [&hellip;]","og_url":"https:\/\/hillsong.com\/netherlands\/fr\/event\/2025\/02\/youth-summer-camp\/","og_site_name":"Netherlands","article_published_time":"2025-02-22T18:10:46+00:00","article_modified_time":"2025-07-20T07:13:08+00:00","twitter_card":"summary_large_image","twitter_misc":{"Written by":"bernicevandalfsen","Est. reading time":"1 minute"},"schema":{"@context":"https:\/\/schema.org","@graph":[{"@type":"WebSite","@id":"https:\/\/hillsong.com\/netherlands\/id\/#website","url":"https:\/\/hillsong.com\/netherlands\/id\/","name":"Netherlands","description":"","potentialAction":[{"@type":"SearchAction","target":{"@type":"EntryPoint","urlTemplate":"https:\/\/hillsong.com\/netherlands\/id\/?s={search_term_string}"},"query-input":"required name=search_term_string"}],"inLanguage":"pt-BR"},{"@type":"WebPage","@id":"https:\/\/hillsong.com\/netherlands\/fr\/event\/2025\/02\/youth-summer-camp\/#webpage","url":"https:\/\/hillsong.com\/netherlands\/fr\/event\/2025\/02\/youth-summer-camp\/","name":"[:en]Youth Summer Camp[:] - Netherlands","isPartOf":{"@id":"https:\/\/hillsong.com\/netherlands\/id\/#website"},"datePublished":"2025-02-22T18:10:46+00:00","dateModified":"2025-07-20T07:13:08+00:00","author":{"@id":"https:\/\/hillsong.com\/netherlands\/id\/#\/schema\/person\/7905e4a7f292405d6af0bbeb410968c2"},"breadcrumb":{"@id":"https:\/\/hillsong.com\/netherlands\/fr\/event\/2025\/02\/youth-summer-camp\/#breadcrumb"},"inLanguage":"pt-BR","potentialAction":[{"@type":"ReadAction","target":["https:\/\/hillsong.com\/netherlands\/fr\/event\/2025\/02\/youth-summer-camp\/"]}]},{"@type":"BreadcrumbList","@id":"https:\/\/hillsong.com\/netherlands\/fr\/event\/2025\/02\/youth-summer-camp\/#breadcrumb","itemListElement":[{"@type":"ListItem","position":1,"name":"Home","item":"https:\/\/hillsong.com\/netherlands\/"},{"@type":"ListItem","position":2,"name":"Youth Summer Camp"}]},{"@type":"Person","@id":"https:\/\/hillsong.com\/netherlands\/id\/#\/schema\/person\/7905e4a7f292405d6af0bbeb410968c2","name":"bernicevandalfsen","image":{"@type":"ImageObject","inLanguage":"pt-BR","@id":"https:\/\/hillsong.com\/netherlands\/id\/#\/schema\/person\/image\/","url":"https:\/\/secure.gravatar.com\/avatar\/c1e23a58e740fb8dcfe2f1bc00c80ecc?s=96&d=mm&r=g","contentUrl":"https:\/\/secure.gravatar.com\/avatar\/c1e23a58e740fb8dcfe2f1bc00c80ecc?s=96&d=mm&r=g","caption":"bernicevandalfsen"},"url":"https:\/\/hillsong.com\/netherlands\/pb\/author\/bernicevandalfsen\/"}]}},"_links":{"self":[{"href":"https:\/\/hillsong.com\/netherlands\/pb\/wp-json\/wp\/v2\/posts\/639094"}],"collection":[{"href":"https:\/\/hillsong.com\/netherlands\/pb\/wp-json\/wp\/v2\/posts"}],"about":[{"href":"https:\/\/hillsong.com\/netherlands\/pb\/wp-json\/wp\/v2\/types\/post"}],"author":[{"embeddable":true,"href":"https:\/\/hillsong.com\/netherlands\/pb\/wp-json\/wp\/v2\/users\/54235"}],"replies":[{"embeddable":true,"href":"https:\/\/hillsong.com\/netherlands\/pb\/wp-json\/wp\/v2\/comments?post=639094"}],"version-history":[{"count":3,"href":"https:\/\/hillsong.com\/netherlands\/pb\/wp-json\/wp\/v2\/posts\/639094\/revisions"}],"predecessor-version":[{"id":639507,"href":"https:\/\/hillsong.com\/netherlands\/pb\/wp-json\/wp\/v2\/posts\/639094\/revisions\/639507"}],"wp:attachment":[{"href":"https:\/\/hillsong.com\/netherlands\/pb\/wp-json\/wp\/v2\/media?parent=639094"}],"wp:term":[{"taxonomy":"category","embeddable":true,"href":"https:\/\/hillsong.com\/netherlands\/pb\/wp-json\/wp\/v2\/categories?post=639094"},{"taxonomy":"post_tag","embeddable":true,"href":"https:\/\/hillsong.com\/netherlands\/pb\/wp-json\/wp\/v2\/tags?post=639094"}],"curies":[{"name":"wp","href":"https:\/\/api.w.org\/{rel}","templated":true}]}}