{"id":637369,"date":"2023-08-30T17:05:41","date_gmt":"2023-08-30T17:05:41","guid":{"rendered":"https:\/\/hillsong.com\/netherlands\/?p=637369"},"modified":"2023-09-06T07:47:58","modified_gmt":"2023-09-06T07:47:58","slug":"ray-bevan-2","status":"publish","type":"post","link":"https:\/\/hillsong.com\/netherlands\/sv\/event\/2023\/08\/ray-bevan-2\/","title":{"rendered":"Ray Bevan"},"content":{"rendered":"<p class=\"qtranxs-available-languages-message qtranxs-available-languages-message-sv\">Tyv\u00e4rr \u00e4r denna artikel enbart tillg\u00e4nglig p\u00e5 <a href=\"https:\/\/hillsong.com\/netherlands\/en\/wp-json\/wp\/v2\/posts\/637369\/\" class=\"qtranxs-available-language-link qtranxs-available-language-link-en\" title=\"English\">Amerikansk Engelska<\/a>.<\/p><p>We always love having our good friend Ray Bevan over! He will\u00a0bring the word in our\u00a0services on 10 September. In the afternoon, at 15:00, he will do a healing seminar in Circa Amsterdam. We would love to invite you to this seminar and bring anyone who needs healing or brings faith for others.<\/p>\n<p><strong>Joining from Rotterdam?<\/strong><br \/>\nJoin one of our vans &#8211; and let&#8217;s travel together.<br \/>\nGet your travel ticket for EUR 7,50 via the link below.<\/p>\n<p><em>Departure Details<\/em><br \/>\nRotterdam &#8211; Amsterdam<br \/>\nDeparture Location: Schiecentrale<br \/>\nTime: 14.00 (gathering) 14.15 (leaving) 15.00 (arrival)<\/p>\n<p>Amsterdam &#8211; Rotterdam<br \/>\nDeparture Location: Circa Amsterdam<br \/>\nTime: 17.00 (gathering) 17.15 (leaving) 18.00 (arrival)<\/p>","protected":false},"excerpt":{"rendered":"<p>Tyv\u00e4rr \u00e4r denna artikel enbart tillg\u00e4nglig p\u00e5 Amerikansk Engelska.We always love having our good friend Ray Bevan over! He will\u00a0bring the word in our\u00a0services on 10 September. In the afternoon, at 15:00, he will do a healing seminar in Circa Amsterdam. We would love to invite you to this seminar and bring anyone who needs [&hellip;]<\/p>\n","protected":false},"author":51785,"featured_media":0,"comment_status":"open","ping_status":"open","sticky":false,"template":"","format":"standard","meta":{"footnotes":""},"categories":[230,15371,231],"tags":[],"acf":[],"yoast_head":"<!-- This site is optimized with the Yoast SEO plugin v18.9 - https:\/\/yoast.com\/wordpress\/plugins\/seo\/ -->\n<title><\/title>\n<meta name=\"robots\" content=\"index, follow, max-snippet:-1, max-image-preview:large, max-video-preview:-1\" \/>\n<link rel=\"canonical\" href=\"https:\/\/hillsong.com\/netherlands\/pt\/event\/2023\/08\/ray-bevan-2\/\" \/>\n<meta property=\"og:locale\" content=\"sv_SE\" \/>\n<meta property=\"og:type\" content=\"article\" \/>\n<meta property=\"og:title\" content=\"[:en]Ray Bevan[:] - Netherlands\" \/>\n<meta property=\"og:description\" content=\"Tyv\u00e4rr \u00e4r denna artikel enbart tillg\u00e4nglig p\u00e5 Amerikansk Engelska.We always love having our good friend Ray Bevan over! He will\u00a0bring the word in our\u00a0services on 10 September. In the afternoon, at 15:00, he will do a healing seminar in Circa Amsterdam. We would love to invite you to this seminar and bring anyone who needs [&hellip;]\" \/>\n<meta property=\"og:url\" content=\"https:\/\/hillsong.com\/netherlands\/pt\/event\/2023\/08\/ray-bevan-2\/\" \/>\n<meta property=\"og:site_name\" content=\"Netherlands\" \/>\n<meta property=\"article:published_time\" content=\"2023-08-30T17:05:41+00:00\" \/>\n<meta property=\"article:modified_time\" content=\"2023-09-06T07:47:58+00:00\" \/>\n<meta name=\"twitter:card\" content=\"summary_large_image\" \/>\n<meta name=\"twitter:label1\" content=\"Written by\" \/>\n\t<meta name=\"twitter:data1\" content=\"Sarah Deboer\" \/>\n\t<meta name=\"twitter:label2\" content=\"Est. reading time\" \/>\n\t<meta name=\"twitter:data2\" content=\"1 minute\" \/>\n<script type=\"application\/ld+json\" class=\"yoast-schema-graph\">{\"@context\":\"https:\/\/schema.org\",\"@graph\":[{\"@type\":\"WebSite\",\"@id\":\"https:\/\/hillsong.com\/netherlands\/id\/#website\",\"url\":\"https:\/\/hillsong.com\/netherlands\/id\/\",\"name\":\"Netherlands\",\"description\":\"\",\"potentialAction\":[{\"@type\":\"SearchAction\",\"target\":{\"@type\":\"EntryPoint\",\"urlTemplate\":\"https:\/\/hillsong.com\/netherlands\/id\/?s={search_term_string}\"},\"query-input\":\"required name=search_term_string\"}],\"inLanguage\":\"sv-SE\"},{\"@type\":\"WebPage\",\"@id\":\"https:\/\/hillsong.com\/netherlands\/pt\/event\/2023\/08\/ray-bevan-2\/#webpage\",\"url\":\"https:\/\/hillsong.com\/netherlands\/pt\/event\/2023\/08\/ray-bevan-2\/\",\"name\":\"[:en]Ray Bevan[:] - Netherlands\",\"isPartOf\":{\"@id\":\"https:\/\/hillsong.com\/netherlands\/id\/#website\"},\"datePublished\":\"2023-08-30T17:05:41+00:00\",\"dateModified\":\"2023-09-06T07:47:58+00:00\",\"author\":{\"@id\":\"https:\/\/hillsong.com\/netherlands\/id\/#\/schema\/person\/a00a2e138867655a8f2c6a42487550ba\"},\"breadcrumb\":{\"@id\":\"https:\/\/hillsong.com\/netherlands\/pt\/event\/2023\/08\/ray-bevan-2\/#breadcrumb\"},\"inLanguage\":\"sv-SE\",\"potentialAction\":[{\"@type\":\"ReadAction\",\"target\":[\"https:\/\/hillsong.com\/netherlands\/pt\/event\/2023\/08\/ray-bevan-2\/\"]}]},{\"@type\":\"BreadcrumbList\",\"@id\":\"https:\/\/hillsong.com\/netherlands\/pt\/event\/2023\/08\/ray-bevan-2\/#breadcrumb\",\"itemListElement\":[{\"@type\":\"ListItem\",\"position\":1,\"name\":\"Home\",\"item\":\"https:\/\/hillsong.com\/netherlands\/\"},{\"@type\":\"ListItem\",\"position\":2,\"name\":\"Ray Bevan\"}]},{\"@type\":\"Person\",\"@id\":\"https:\/\/hillsong.com\/netherlands\/id\/#\/schema\/person\/a00a2e138867655a8f2c6a42487550ba\",\"name\":\"Sarah Deboer\",\"image\":{\"@type\":\"ImageObject\",\"inLanguage\":\"sv-SE\",\"@id\":\"https:\/\/hillsong.com\/netherlands\/id\/#\/schema\/person\/image\/\",\"url\":\"https:\/\/secure.gravatar.com\/avatar\/68f4edb1bb8587b919b55b29180dfbf5?s=96&d=mm&r=g\",\"contentUrl\":\"https:\/\/secure.gravatar.com\/avatar\/68f4edb1bb8587b919b55b29180dfbf5?s=96&d=mm&r=g\",\"caption\":\"Sarah Deboer\"},\"url\":\"https:\/\/hillsong.com\/netherlands\/sv\/author\/sarah-deboer\/\"}]}<\/script>\n<!-- \/ Yoast SEO plugin. -->","yoast_head_json":{"title":"[:en]Ray Bevan[:] - Netherlands","robots":{"index":"index","follow":"follow","max-snippet":"max-snippet:-1","max-image-preview":"max-image-preview:large","max-video-preview":"max-video-preview:-1"},"canonical":"https:\/\/hillsong.com\/netherlands\/pt\/event\/2023\/08\/ray-bevan-2\/","og_locale":"sv_SE","og_type":"article","og_title":"[:en]Ray Bevan[:] - Netherlands","og_description":"Tyv\u00e4rr \u00e4r denna artikel enbart tillg\u00e4nglig p\u00e5 Amerikansk Engelska.We always love having our good friend Ray Bevan over! He will\u00a0bring the word in our\u00a0services on 10 September. In the afternoon, at 15:00, he will do a healing seminar in Circa Amsterdam. We would love to invite you to this seminar and bring anyone who needs [&hellip;]","og_url":"https:\/\/hillsong.com\/netherlands\/pt\/event\/2023\/08\/ray-bevan-2\/","og_site_name":"Netherlands","article_published_time":"2023-08-30T17:05:41+00:00","article_modified_time":"2023-09-06T07:47:58+00:00","twitter_card":"summary_large_image","twitter_misc":{"Written by":"Sarah Deboer","Est. reading time":"1 minute"},"schema":{"@context":"https:\/\/schema.org","@graph":[{"@type":"WebSite","@id":"https:\/\/hillsong.com\/netherlands\/id\/#website","url":"https:\/\/hillsong.com\/netherlands\/id\/","name":"Netherlands","description":"","potentialAction":[{"@type":"SearchAction","target":{"@type":"EntryPoint","urlTemplate":"https:\/\/hillsong.com\/netherlands\/id\/?s={search_term_string}"},"query-input":"required name=search_term_string"}],"inLanguage":"sv-SE"},{"@type":"WebPage","@id":"https:\/\/hillsong.com\/netherlands\/pt\/event\/2023\/08\/ray-bevan-2\/#webpage","url":"https:\/\/hillsong.com\/netherlands\/pt\/event\/2023\/08\/ray-bevan-2\/","name":"[:en]Ray Bevan[:] - Netherlands","isPartOf":{"@id":"https:\/\/hillsong.com\/netherlands\/id\/#website"},"datePublished":"2023-08-30T17:05:41+00:00","dateModified":"2023-09-06T07:47:58+00:00","author":{"@id":"https:\/\/hillsong.com\/netherlands\/id\/#\/schema\/person\/a00a2e138867655a8f2c6a42487550ba"},"breadcrumb":{"@id":"https:\/\/hillsong.com\/netherlands\/pt\/event\/2023\/08\/ray-bevan-2\/#breadcrumb"},"inLanguage":"sv-SE","potentialAction":[{"@type":"ReadAction","target":["https:\/\/hillsong.com\/netherlands\/pt\/event\/2023\/08\/ray-bevan-2\/"]}]},{"@type":"BreadcrumbList","@id":"https:\/\/hillsong.com\/netherlands\/pt\/event\/2023\/08\/ray-bevan-2\/#breadcrumb","itemListElement":[{"@type":"ListItem","position":1,"name":"Home","item":"https:\/\/hillsong.com\/netherlands\/"},{"@type":"ListItem","position":2,"name":"Ray Bevan"}]},{"@type":"Person","@id":"https:\/\/hillsong.com\/netherlands\/id\/#\/schema\/person\/a00a2e138867655a8f2c6a42487550ba","name":"Sarah Deboer","image":{"@type":"ImageObject","inLanguage":"sv-SE","@id":"https:\/\/hillsong.com\/netherlands\/id\/#\/schema\/person\/image\/","url":"https:\/\/secure.gravatar.com\/avatar\/68f4edb1bb8587b919b55b29180dfbf5?s=96&d=mm&r=g","contentUrl":"https:\/\/secure.gravatar.com\/avatar\/68f4edb1bb8587b919b55b29180dfbf5?s=96&d=mm&r=g","caption":"Sarah Deboer"},"url":"https:\/\/hillsong.com\/netherlands\/sv\/author\/sarah-deboer\/"}]}},"_links":{"self":[{"href":"https:\/\/hillsong.com\/netherlands\/sv\/wp-json\/wp\/v2\/posts\/637369"}],"collection":[{"href":"https:\/\/hillsong.com\/netherlands\/sv\/wp-json\/wp\/v2\/posts"}],"about":[{"href":"https:\/\/hillsong.com\/netherlands\/sv\/wp-json\/wp\/v2\/types\/post"}],"author":[{"embeddable":true,"href":"https:\/\/hillsong.com\/netherlands\/sv\/wp-json\/wp\/v2\/users\/51785"}],"replies":[{"embeddable":true,"href":"https:\/\/hillsong.com\/netherlands\/sv\/wp-json\/wp\/v2\/comments?post=637369"}],"version-history":[{"count":3,"href":"https:\/\/hillsong.com\/netherlands\/sv\/wp-json\/wp\/v2\/posts\/637369\/revisions"}],"predecessor-version":[{"id":637452,"href":"https:\/\/hillsong.com\/netherlands\/sv\/wp-json\/wp\/v2\/posts\/637369\/revisions\/637452"}],"wp:attachment":[{"href":"https:\/\/hillsong.com\/netherlands\/sv\/wp-json\/wp\/v2\/media?parent=637369"}],"wp:term":[{"taxonomy":"category","embeddable":true,"href":"https:\/\/hillsong.com\/netherlands\/sv\/wp-json\/wp\/v2\/categories?post=637369"},{"taxonomy":"post_tag","embeddable":true,"href":"https:\/\/hillsong.com\/netherlands\/sv\/wp-json\/wp\/v2\/tags?post=637369"}],"curies":[{"name":"wp","href":"https:\/\/api.w.org\/{rel}","templated":true}]}}