{"id":463430,"date":"2018-03-26T00:00:00","date_gmt":"2018-03-26T00:00:00","guid":{"rendered":"https:\/\/hillsong.com\/?p=463430"},"modified":"2018-03-26T00:00:00","modified_gmt":"2018-03-26T00:00:00","slug":"aniversario-hillsong-portugal-2","status":"publish","type":"post","link":"https:\/\/hillsong.com\/portugal\/fr\/aniversario-hillsong-portugal-2\/","title":{"rendered":"P\u00e1scoa na Hillsong"},"content":{"rendered":"<p class=\"qtranxs-available-languages-message qtranxs-available-languages-message-fr\">D\u00e9sol\u00e9, cet article est seulement disponible en <a href=\"https:\/\/hillsong.com\/portugal\/en\/wp-json\/wp\/v2\/posts\/463430\/\" class=\"qtranxs-available-language-link qtranxs-available-language-link-en\" title=\"English\">Anglais Am\u00e9ricain<\/a>.<\/p><p><strong>\/\/ P\u00c1SCOA NA HILLSONG \/\/ planeia o teu fim de semana especial de P\u00e1scoa!<\/strong><\/p>\n<p><strong>SEXTA-FEIRA 30 MAR\u00c7O<\/strong><br \/>\nAudit\u00f3rio Cam\u00f5es, Picoas, Lisboa \/\/ 18H00 &amp; 20H30<br \/>\nCasa do Povo de Vermoim, Maia \/\/ 21H00<\/p>\n<p><strong>DOMINGO 1 ABRIL (manh\u00e3)<\/strong><br \/>\nLisboa e Porto 9h30 &amp; 11h30<br \/>\nOutras Localiza\u00e7\u00f5es: 11h30<\/p>","protected":false},"excerpt":{"rendered":"<p>D\u00e9sol\u00e9, cet article est seulement disponible en Anglais Am\u00e9ricain.\/\/ P\u00c1SCOA NA HILLSONG \/\/ planeia o teu fim de semana especial de P\u00e1scoa! SEXTA-FEIRA 30 MAR\u00c7O Audit\u00f3rio Cam\u00f5es, Picoas, Lisboa \/\/ 18H00 &amp; 20H30 Casa do Povo de Vermoim, Maia \/\/ 21H00 DOMINGO 1 ABRIL (manh\u00e3) Lisboa e Porto 9h30 &amp; 11h30 Outras Localiza\u00e7\u00f5es: 11h30<\/p>\n","protected":false},"author":26910,"featured_media":0,"comment_status":"open","ping_status":"closed","sticky":false,"template":"","format":"standard","meta":{"footnotes":""},"categories":[1],"tags":[15097],"acf":[],"yoast_head":"<!-- This site is optimized with the Yoast SEO plugin v18.9 - https:\/\/yoast.com\/wordpress\/plugins\/seo\/ -->\n<title><\/title>\n<meta name=\"robots\" content=\"index, follow, max-snippet:-1, max-image-preview:large, max-video-preview:-1\" \/>\n<link rel=\"canonical\" href=\"https:\/\/hillsong.com\/portugal\/id\/aniversario-hillsong-portugal-2\/\" \/>\n<meta property=\"og:locale\" content=\"fr_FR\" \/>\n<meta property=\"og:type\" content=\"article\" \/>\n<meta property=\"og:title\" content=\"[:en]P\u00e1scoa na Hillsong[:] - Portugal\" \/>\n<meta property=\"og:description\" content=\"D\u00e9sol\u00e9, cet article est seulement disponible en Anglais Am\u00e9ricain.\/\/ P\u00c1SCOA NA HILLSONG \/\/ planeia o teu fim de semana especial de P\u00e1scoa! SEXTA-FEIRA 30 MAR\u00c7O Audit\u00f3rio Cam\u00f5es, Picoas, Lisboa \/\/ 18H00 &amp; 20H30 Casa do Povo de Vermoim, Maia \/\/ 21H00 DOMINGO 1 ABRIL (manh\u00e3) Lisboa e Porto 9h30 &amp; 11h30 Outras Localiza\u00e7\u00f5es: 11h30\" \/>\n<meta property=\"og:url\" content=\"https:\/\/hillsong.com\/portugal\/id\/aniversario-hillsong-portugal-2\/\" \/>\n<meta property=\"og:site_name\" content=\"Portugal\" \/>\n<meta property=\"article:published_time\" content=\"2018-03-26T00:00:00+00:00\" \/>\n<meta name=\"twitter:card\" content=\"summary_large_image\" \/>\n<meta name=\"twitter:label1\" content=\"Written by\" \/>\n\t<meta name=\"twitter:data1\" content=\"Raquel Fonseca\" \/>\n<script type=\"application\/ld+json\" class=\"yoast-schema-graph\">{\"@context\":\"https:\/\/schema.org\",\"@graph\":[{\"@type\":\"WebSite\",\"@id\":\"https:\/\/hillsong.com\/portugal\/#website\",\"url\":\"https:\/\/hillsong.com\/portugal\/\",\"name\":\"Portugal\",\"description\":\"\",\"potentialAction\":[{\"@type\":\"SearchAction\",\"target\":{\"@type\":\"EntryPoint\",\"urlTemplate\":\"https:\/\/hillsong.com\/portugal\/?s={search_term_string}\"},\"query-input\":\"required name=search_term_string\"}],\"inLanguage\":\"fr-FR\"},{\"@type\":\"WebPage\",\"@id\":\"https:\/\/hillsong.com\/portugal\/id\/aniversario-hillsong-portugal-2\/#webpage\",\"url\":\"https:\/\/hillsong.com\/portugal\/id\/aniversario-hillsong-portugal-2\/\",\"name\":\"[:en]P\u00e1scoa na Hillsong[:] - Portugal\",\"isPartOf\":{\"@id\":\"https:\/\/hillsong.com\/portugal\/#website\"},\"datePublished\":\"2018-03-26T00:00:00+00:00\",\"dateModified\":\"2018-03-26T00:00:00+00:00\",\"author\":{\"@id\":\"https:\/\/hillsong.com\/portugal\/#\/schema\/person\/2d14da252f6b10b6b78061cb38cce74e\"},\"breadcrumb\":{\"@id\":\"https:\/\/hillsong.com\/portugal\/id\/aniversario-hillsong-portugal-2\/#breadcrumb\"},\"inLanguage\":\"fr-FR\",\"potentialAction\":[{\"@type\":\"ReadAction\",\"target\":[\"https:\/\/hillsong.com\/portugal\/id\/aniversario-hillsong-portugal-2\/\"]}]},{\"@type\":\"BreadcrumbList\",\"@id\":\"https:\/\/hillsong.com\/portugal\/id\/aniversario-hillsong-portugal-2\/#breadcrumb\",\"itemListElement\":[{\"@type\":\"ListItem\",\"position\":1,\"name\":\"Home\",\"item\":\"https:\/\/hillsong.com\/portugal\/\"},{\"@type\":\"ListItem\",\"position\":2,\"name\":\"P\u00e1scoa na Hillsong\"}]},{\"@type\":\"Person\",\"@id\":\"https:\/\/hillsong.com\/portugal\/#\/schema\/person\/2d14da252f6b10b6b78061cb38cce74e\",\"name\":\"Raquel Fonseca\",\"image\":{\"@type\":\"ImageObject\",\"inLanguage\":\"fr-FR\",\"@id\":\"https:\/\/hillsong.com\/portugal\/#\/schema\/person\/image\/\",\"url\":\"https:\/\/secure.gravatar.com\/avatar\/f89d8a98e7b390aeca919793b00037cb?s=96&d=mm&r=g\",\"contentUrl\":\"https:\/\/secure.gravatar.com\/avatar\/f89d8a98e7b390aeca919793b00037cb?s=96&d=mm&r=g\",\"caption\":\"Raquel Fonseca\"},\"url\":\"https:\/\/hillsong.com\/portugal\/fr\/author\/raquel-fonseca-569241\/\"}]}<\/script>\n<!-- \/ Yoast SEO plugin. -->","yoast_head_json":{"title":"[:en]P\u00e1scoa na Hillsong[:] - Portugal","robots":{"index":"index","follow":"follow","max-snippet":"max-snippet:-1","max-image-preview":"max-image-preview:large","max-video-preview":"max-video-preview:-1"},"canonical":"https:\/\/hillsong.com\/portugal\/id\/aniversario-hillsong-portugal-2\/","og_locale":"fr_FR","og_type":"article","og_title":"[:en]P\u00e1scoa na Hillsong[:] - Portugal","og_description":"D\u00e9sol\u00e9, cet article est seulement disponible en Anglais Am\u00e9ricain.\/\/ P\u00c1SCOA NA HILLSONG \/\/ planeia o teu fim de semana especial de P\u00e1scoa! SEXTA-FEIRA 30 MAR\u00c7O Audit\u00f3rio Cam\u00f5es, Picoas, Lisboa \/\/ 18H00 &amp; 20H30 Casa do Povo de Vermoim, Maia \/\/ 21H00 DOMINGO 1 ABRIL (manh\u00e3) Lisboa e Porto 9h30 &amp; 11h30 Outras Localiza\u00e7\u00f5es: 11h30","og_url":"https:\/\/hillsong.com\/portugal\/id\/aniversario-hillsong-portugal-2\/","og_site_name":"Portugal","article_published_time":"2018-03-26T00:00:00+00:00","twitter_card":"summary_large_image","twitter_misc":{"Written by":"Raquel Fonseca"},"schema":{"@context":"https:\/\/schema.org","@graph":[{"@type":"WebSite","@id":"https:\/\/hillsong.com\/portugal\/#website","url":"https:\/\/hillsong.com\/portugal\/","name":"Portugal","description":"","potentialAction":[{"@type":"SearchAction","target":{"@type":"EntryPoint","urlTemplate":"https:\/\/hillsong.com\/portugal\/?s={search_term_string}"},"query-input":"required name=search_term_string"}],"inLanguage":"fr-FR"},{"@type":"WebPage","@id":"https:\/\/hillsong.com\/portugal\/id\/aniversario-hillsong-portugal-2\/#webpage","url":"https:\/\/hillsong.com\/portugal\/id\/aniversario-hillsong-portugal-2\/","name":"[:en]P\u00e1scoa na Hillsong[:] - Portugal","isPartOf":{"@id":"https:\/\/hillsong.com\/portugal\/#website"},"datePublished":"2018-03-26T00:00:00+00:00","dateModified":"2018-03-26T00:00:00+00:00","author":{"@id":"https:\/\/hillsong.com\/portugal\/#\/schema\/person\/2d14da252f6b10b6b78061cb38cce74e"},"breadcrumb":{"@id":"https:\/\/hillsong.com\/portugal\/id\/aniversario-hillsong-portugal-2\/#breadcrumb"},"inLanguage":"fr-FR","potentialAction":[{"@type":"ReadAction","target":["https:\/\/hillsong.com\/portugal\/id\/aniversario-hillsong-portugal-2\/"]}]},{"@type":"BreadcrumbList","@id":"https:\/\/hillsong.com\/portugal\/id\/aniversario-hillsong-portugal-2\/#breadcrumb","itemListElement":[{"@type":"ListItem","position":1,"name":"Home","item":"https:\/\/hillsong.com\/portugal\/"},{"@type":"ListItem","position":2,"name":"P\u00e1scoa na Hillsong"}]},{"@type":"Person","@id":"https:\/\/hillsong.com\/portugal\/#\/schema\/person\/2d14da252f6b10b6b78061cb38cce74e","name":"Raquel Fonseca","image":{"@type":"ImageObject","inLanguage":"fr-FR","@id":"https:\/\/hillsong.com\/portugal\/#\/schema\/person\/image\/","url":"https:\/\/secure.gravatar.com\/avatar\/f89d8a98e7b390aeca919793b00037cb?s=96&d=mm&r=g","contentUrl":"https:\/\/secure.gravatar.com\/avatar\/f89d8a98e7b390aeca919793b00037cb?s=96&d=mm&r=g","caption":"Raquel Fonseca"},"url":"https:\/\/hillsong.com\/portugal\/fr\/author\/raquel-fonseca-569241\/"}]}},"_links":{"self":[{"href":"https:\/\/hillsong.com\/portugal\/fr\/wp-json\/wp\/v2\/posts\/463430"}],"collection":[{"href":"https:\/\/hillsong.com\/portugal\/fr\/wp-json\/wp\/v2\/posts"}],"about":[{"href":"https:\/\/hillsong.com\/portugal\/fr\/wp-json\/wp\/v2\/types\/post"}],"author":[{"embeddable":true,"href":"https:\/\/hillsong.com\/portugal\/fr\/wp-json\/wp\/v2\/users\/26910"}],"replies":[{"embeddable":true,"href":"https:\/\/hillsong.com\/portugal\/fr\/wp-json\/wp\/v2\/comments?post=463430"}],"version-history":[{"count":0,"href":"https:\/\/hillsong.com\/portugal\/fr\/wp-json\/wp\/v2\/posts\/463430\/revisions"}],"wp:attachment":[{"href":"https:\/\/hillsong.com\/portugal\/fr\/wp-json\/wp\/v2\/media?parent=463430"}],"wp:term":[{"taxonomy":"category","embeddable":true,"href":"https:\/\/hillsong.com\/portugal\/fr\/wp-json\/wp\/v2\/categories?post=463430"},{"taxonomy":"post_tag","embeddable":true,"href":"https:\/\/hillsong.com\/portugal\/fr\/wp-json\/wp\/v2\/tags?post=463430"}],"curies":[{"name":"wp","href":"https:\/\/api.w.org\/{rel}","templated":true}]}}