{"id":632217,"date":"2021-07-05T08:15:20","date_gmt":"2021-07-05T08:15:20","guid":{"rendered":"https:\/\/hillsong.com\/portugal\/?p=632217"},"modified":"2021-07-05T08:15:20","modified_gmt":"2021-07-05T08:15:20","slug":"254-paralisado-a-porta-diogo-goncalves","status":"publish","type":"post","link":"https:\/\/hillsong.com\/portugal\/ru\/254-paralisado-a-porta-diogo-goncalves\/","title":{"rendered":"Untitled"},"content":{"rendered":"<p class=\"qtranxs-available-languages-message qtranxs-available-languages-message-ru\">\u0418\u0437\u0432\u0438\u043d\u0438\u0442\u0435, \u044d\u0442\u043e\u0442 \u0442\u0435\u043a\u0441\u0442 \u0434\u043e\u0441\u0442\u0443\u043f\u0435\u043d \u0442\u043e\u043b\u044c\u043a\u043e \u043d\u0430 &ldquo;<a href=\"https:\/\/hillsong.com\/portugal\/en\/wp-json\/wp\/v2\/posts\/632217\/\" class=\"qtranxs-available-language-link qtranxs-available-language-link-en\" title=\"English\">English<\/a>&rdquo; \u0438 &ldquo;<a href=\"https:\/\/hillsong.com\/portugal\/pt\/wp-json\/wp\/v2\/posts\/632217\/\" class=\"qtranxs-available-language-link qtranxs-available-language-link-pt\" title=\"Portugu\u00eas\">Portugu\u00eas<\/a>&rdquo;.<\/p><p>Mensagem de 27 de junho de 2021<br \/>\nde Diogo Gon\u00e7alves com o t\u00edtulo: \u201cParalisado \u00c0 Porta&#8221;.<\/p>\n<p><iframe loading=\"lazy\" src=\"https:\/\/anchor.fm\/hillsongportugal\/embed\/episodes\/254---Paralisado--Porta-Diogo-Gonalves-e13uk5p\" height=\"102px\" width=\"400px\" frameborder=\"0\" scrolling=\"no\"><\/iframe><\/p>","protected":false},"excerpt":{"rendered":"<p>\u0418\u0437\u0432\u0438\u043d\u0438\u0442\u0435, \u044d\u0442\u043e\u0442 \u0442\u0435\u043a\u0441\u0442 \u0434\u043e\u0441\u0442\u0443\u043f\u0435\u043d \u0442\u043e\u043b\u044c\u043a\u043e \u043d\u0430 &ldquo;English&rdquo; \u0438 &ldquo;Portugu\u00eas&rdquo;.Mensagem de 27 de junho de 2021 de Diogo Gon\u00e7alves com o t\u00edtulo: \u201cParalisado \u00c0 Porta&#8221;.<\/p>\n","protected":false},"author":54034,"featured_media":0,"comment_status":"closed","ping_status":"closed","sticky":false,"template":"","format":"standard","meta":{"_acf_changed":false,"footnotes":""},"categories":[15422,15407],"tags":[],"class_list":["post-632217","post","type-post","status-publish","format-standard","hentry","category-podcast_pt","category-portugal"],"acf":[],"yoast_head":"<!-- This site is optimized with the Yoast SEO plugin v27.2 - https:\/\/yoast.com\/product\/yoast-seo-wordpress\/ -->\n<title>Untitled - Portugal<\/title>\n<meta name=\"robots\" content=\"index, follow, max-snippet:-1, max-image-preview:large, max-video-preview:-1\" \/>\n<link rel=\"canonical\" href=\"https:\/\/hillsong.com\/portugal\/sv\/254-paralisado-a-porta-diogo-goncalves\/\" \/>\n<meta property=\"og:locale\" content=\"ru_RU\" \/>\n<meta property=\"og:type\" content=\"article\" \/>\n<meta property=\"og:title\" content=\"[:en]#254 - Paralisado \u00c0 Porta (Diogo Gon\u00e7alves)[:pt]#254 - Paralisado \u00c0 Porta (Diogo Gon\u00e7alves)[:de]Untitled[:fr]Untitled[:es]Untitled[:ca]Untitled[:pb]Untitled[:ua]Untitled[:ru]Untitled[:sv]Untitled[:id]Untitled[:da]Untitled[:no]Untitled[:nl]Untitled[:it]Untitled[:ja]Untitled[:] - Portugal\" \/>\n<meta property=\"og:description\" content=\"\u0418\u0437\u0432\u0438\u043d\u0438\u0442\u0435, \u044d\u0442\u043e\u0442 \u0442\u0435\u043a\u0441\u0442 \u0434\u043e\u0441\u0442\u0443\u043f\u0435\u043d \u0442\u043e\u043b\u044c\u043a\u043e \u043d\u0430 &ldquo;English&rdquo; \u0438 &ldquo;Portugu\u00eas&rdquo;.Mensagem de 27 de junho de 2021 de Diogo Gon\u00e7alves com o t\u00edtulo: \u201cParalisado \u00c0 Porta&#8221;.\" \/>\n<meta property=\"og:url\" content=\"https:\/\/hillsong.com\/portugal\/sv\/254-paralisado-a-porta-diogo-goncalves\/\" \/>\n<meta property=\"og:site_name\" content=\"Portugal\" \/>\n<meta property=\"article:published_time\" content=\"2021-07-05T08:15:20+00:00\" \/>\n<meta name=\"author\" content=\"Paulo Silva\" \/>\n<meta name=\"twitter:card\" content=\"summary_large_image\" \/>\n<meta name=\"twitter:label1\" content=\"Written by\" \/>\n\t<meta name=\"twitter:data1\" content=\"Paulo Silva\" \/>\n<script type=\"application\/ld+json\" class=\"yoast-schema-graph\">{\"@context\":\"https:\/\/schema.org\",\"@graph\":[{\"@type\":\"Article\",\"@id\":\"https:\/\/hillsong.com\/portugal\/sv\/254-paralisado-a-porta-diogo-goncalves\/#article\",\"isPartOf\":{\"@id\":\"https:\/\/hillsong.com\/portugal\/sv\/254-paralisado-a-porta-diogo-goncalves\/\"},\"author\":{\"name\":\"Paulo Silva\",\"@id\":\"https:\/\/hillsong.com\/portugal\/#\/schema\/person\/bfe1b05e9f2c9eb658588e7efa663695\"},\"headline\":\"Untitled\",\"datePublished\":\"2021-07-05T08:15:20+00:00\",\"mainEntityOfPage\":{\"@id\":\"https:\/\/hillsong.com\/portugal\/sv\/254-paralisado-a-porta-diogo-goncalves\/\"},\"wordCount\":74,\"articleSection\":[\"\",\"Portugal\"],\"inLanguage\":\"ru-RU\"},{\"@type\":\"WebPage\",\"@id\":\"https:\/\/hillsong.com\/portugal\/sv\/254-paralisado-a-porta-diogo-goncalves\/\",\"url\":\"https:\/\/hillsong.com\/portugal\/sv\/254-paralisado-a-porta-diogo-goncalves\/\",\"name\":\"[:en]#254 - Paralisado \u00c0 Porta (Diogo Gon\u00e7alves)[:pt]#254 - Paralisado \u00c0 Porta (Diogo Gon\u00e7alves)[:de]Untitled[:fr]Untitled[:es]Untitled[:ca]Untitled[:pb]Untitled[:ua]Untitled[:ru]Untitled[:sv]Untitled[:id]Untitled[:da]Untitled[:no]Untitled[:nl]Untitled[:it]Untitled[:ja]Untitled[:] - Portugal\",\"isPartOf\":{\"@id\":\"https:\/\/hillsong.com\/portugal\/#website\"},\"datePublished\":\"2021-07-05T08:15:20+00:00\",\"author\":{\"@id\":\"https:\/\/hillsong.com\/portugal\/#\/schema\/person\/bfe1b05e9f2c9eb658588e7efa663695\"},\"breadcrumb\":{\"@id\":\"https:\/\/hillsong.com\/portugal\/sv\/254-paralisado-a-porta-diogo-goncalves\/#breadcrumb\"},\"inLanguage\":\"ru-RU\",\"potentialAction\":[{\"@type\":\"ReadAction\",\"target\":[\"https:\/\/hillsong.com\/portugal\/sv\/254-paralisado-a-porta-diogo-goncalves\/\"]}]},{\"@type\":\"BreadcrumbList\",\"@id\":\"https:\/\/hillsong.com\/portugal\/sv\/254-paralisado-a-porta-diogo-goncalves\/#breadcrumb\",\"itemListElement\":[{\"@type\":\"ListItem\",\"position\":1,\"name\":\"Home\",\"item\":\"https:\/\/hillsong.com\/portugal\/\"},{\"@type\":\"ListItem\",\"position\":2,\"name\":\"Untitled\"}]},{\"@type\":\"WebSite\",\"@id\":\"https:\/\/hillsong.com\/portugal\/#website\",\"url\":\"https:\/\/hillsong.com\/portugal\/\",\"name\":\"Portugal\",\"description\":\"\",\"potentialAction\":[{\"@type\":\"SearchAction\",\"target\":{\"@type\":\"EntryPoint\",\"urlTemplate\":\"https:\/\/hillsong.com\/portugal\/?s={search_term_string}\"},\"query-input\":{\"@type\":\"PropertyValueSpecification\",\"valueRequired\":true,\"valueName\":\"search_term_string\"}}],\"inLanguage\":\"ru-RU\"},{\"@type\":\"Person\",\"@id\":\"https:\/\/hillsong.com\/portugal\/#\/schema\/person\/bfe1b05e9f2c9eb658588e7efa663695\",\"name\":\"Paulo Silva\",\"image\":{\"@type\":\"ImageObject\",\"inLanguage\":\"ru-RU\",\"@id\":\"https:\/\/secure.gravatar.com\/avatar\/71b523816177b1543d530e366117488ffc60bde40f1db95b6bfb1c2f66806ba1?s=96&d=mm&r=g\",\"url\":\"https:\/\/secure.gravatar.com\/avatar\/71b523816177b1543d530e366117488ffc60bde40f1db95b6bfb1c2f66806ba1?s=96&d=mm&r=g\",\"contentUrl\":\"https:\/\/secure.gravatar.com\/avatar\/71b523816177b1543d530e366117488ffc60bde40f1db95b6bfb1c2f66806ba1?s=96&d=mm&r=g\",\"caption\":\"Paulo Silva\"},\"url\":\"https:\/\/hillsong.com\/portugal\/ru\/author\/paulosilvabondiblue\/\"}]}<\/script>\n<!-- \/ Yoast SEO plugin. -->","yoast_head_json":{"title":"[:en]#254 - Paralisado \u00c0 Porta (Diogo Gon\u00e7alves)[:pt]#254 - Paralisado \u00c0 Porta (Diogo Gon\u00e7alves)[:de]Untitled[:fr]Untitled[:es]Untitled[:ca]Untitled[:pb]Untitled[:ua]Untitled[:ru]Untitled[:sv]Untitled[:id]Untitled[:da]Untitled[:no]Untitled[:nl]Untitled[:it]Untitled[:ja]Untitled[:] - Portugal","robots":{"index":"index","follow":"follow","max-snippet":"max-snippet:-1","max-image-preview":"max-image-preview:large","max-video-preview":"max-video-preview:-1"},"canonical":"https:\/\/hillsong.com\/portugal\/sv\/254-paralisado-a-porta-diogo-goncalves\/","og_locale":"ru_RU","og_type":"article","og_title":"[:en]#254 - Paralisado \u00c0 Porta (Diogo Gon\u00e7alves)[:pt]#254 - Paralisado \u00c0 Porta (Diogo Gon\u00e7alves)[:de]Untitled[:fr]Untitled[:es]Untitled[:ca]Untitled[:pb]Untitled[:ua]Untitled[:ru]Untitled[:sv]Untitled[:id]Untitled[:da]Untitled[:no]Untitled[:nl]Untitled[:it]Untitled[:ja]Untitled[:] - Portugal","og_description":"\u0418\u0437\u0432\u0438\u043d\u0438\u0442\u0435, \u044d\u0442\u043e\u0442 \u0442\u0435\u043a\u0441\u0442 \u0434\u043e\u0441\u0442\u0443\u043f\u0435\u043d \u0442\u043e\u043b\u044c\u043a\u043e \u043d\u0430 &ldquo;English&rdquo; \u0438 &ldquo;Portugu\u00eas&rdquo;.Mensagem de 27 de junho de 2021 de Diogo Gon\u00e7alves com o t\u00edtulo: \u201cParalisado \u00c0 Porta&#8221;.","og_url":"https:\/\/hillsong.com\/portugal\/sv\/254-paralisado-a-porta-diogo-goncalves\/","og_site_name":"Portugal","article_published_time":"2021-07-05T08:15:20+00:00","author":"Paulo Silva","twitter_card":"summary_large_image","twitter_misc":{"Written by":"Paulo Silva"},"schema":{"@context":"https:\/\/schema.org","@graph":[{"@type":"Article","@id":"https:\/\/hillsong.com\/portugal\/sv\/254-paralisado-a-porta-diogo-goncalves\/#article","isPartOf":{"@id":"https:\/\/hillsong.com\/portugal\/sv\/254-paralisado-a-porta-diogo-goncalves\/"},"author":{"name":"Paulo Silva","@id":"https:\/\/hillsong.com\/portugal\/#\/schema\/person\/bfe1b05e9f2c9eb658588e7efa663695"},"headline":"Untitled","datePublished":"2021-07-05T08:15:20+00:00","mainEntityOfPage":{"@id":"https:\/\/hillsong.com\/portugal\/sv\/254-paralisado-a-porta-diogo-goncalves\/"},"wordCount":74,"articleSection":["","Portugal"],"inLanguage":"ru-RU"},{"@type":"WebPage","@id":"https:\/\/hillsong.com\/portugal\/sv\/254-paralisado-a-porta-diogo-goncalves\/","url":"https:\/\/hillsong.com\/portugal\/sv\/254-paralisado-a-porta-diogo-goncalves\/","name":"[:en]#254 - Paralisado \u00c0 Porta (Diogo Gon\u00e7alves)[:pt]#254 - Paralisado \u00c0 Porta (Diogo Gon\u00e7alves)[:de]Untitled[:fr]Untitled[:es]Untitled[:ca]Untitled[:pb]Untitled[:ua]Untitled[:ru]Untitled[:sv]Untitled[:id]Untitled[:da]Untitled[:no]Untitled[:nl]Untitled[:it]Untitled[:ja]Untitled[:] - Portugal","isPartOf":{"@id":"https:\/\/hillsong.com\/portugal\/#website"},"datePublished":"2021-07-05T08:15:20+00:00","author":{"@id":"https:\/\/hillsong.com\/portugal\/#\/schema\/person\/bfe1b05e9f2c9eb658588e7efa663695"},"breadcrumb":{"@id":"https:\/\/hillsong.com\/portugal\/sv\/254-paralisado-a-porta-diogo-goncalves\/#breadcrumb"},"inLanguage":"ru-RU","potentialAction":[{"@type":"ReadAction","target":["https:\/\/hillsong.com\/portugal\/sv\/254-paralisado-a-porta-diogo-goncalves\/"]}]},{"@type":"BreadcrumbList","@id":"https:\/\/hillsong.com\/portugal\/sv\/254-paralisado-a-porta-diogo-goncalves\/#breadcrumb","itemListElement":[{"@type":"ListItem","position":1,"name":"Home","item":"https:\/\/hillsong.com\/portugal\/"},{"@type":"ListItem","position":2,"name":"Untitled"}]},{"@type":"WebSite","@id":"https:\/\/hillsong.com\/portugal\/#website","url":"https:\/\/hillsong.com\/portugal\/","name":"Portugal","description":"","potentialAction":[{"@type":"SearchAction","target":{"@type":"EntryPoint","urlTemplate":"https:\/\/hillsong.com\/portugal\/?s={search_term_string}"},"query-input":{"@type":"PropertyValueSpecification","valueRequired":true,"valueName":"search_term_string"}}],"inLanguage":"ru-RU"},{"@type":"Person","@id":"https:\/\/hillsong.com\/portugal\/#\/schema\/person\/bfe1b05e9f2c9eb658588e7efa663695","name":"Paulo Silva","image":{"@type":"ImageObject","inLanguage":"ru-RU","@id":"https:\/\/secure.gravatar.com\/avatar\/71b523816177b1543d530e366117488ffc60bde40f1db95b6bfb1c2f66806ba1?s=96&d=mm&r=g","url":"https:\/\/secure.gravatar.com\/avatar\/71b523816177b1543d530e366117488ffc60bde40f1db95b6bfb1c2f66806ba1?s=96&d=mm&r=g","contentUrl":"https:\/\/secure.gravatar.com\/avatar\/71b523816177b1543d530e366117488ffc60bde40f1db95b6bfb1c2f66806ba1?s=96&d=mm&r=g","caption":"Paulo Silva"},"url":"https:\/\/hillsong.com\/portugal\/ru\/author\/paulosilvabondiblue\/"}]}},"_links":{"self":[{"href":"https:\/\/hillsong.com\/portugal\/ru\/wp-json\/wp\/v2\/posts\/632217","targetHints":{"allow":["GET"]}}],"collection":[{"href":"https:\/\/hillsong.com\/portugal\/ru\/wp-json\/wp\/v2\/posts"}],"about":[{"href":"https:\/\/hillsong.com\/portugal\/ru\/wp-json\/wp\/v2\/types\/post"}],"author":[{"embeddable":true,"href":"https:\/\/hillsong.com\/portugal\/ru\/wp-json\/wp\/v2\/users\/54034"}],"replies":[{"embeddable":true,"href":"https:\/\/hillsong.com\/portugal\/ru\/wp-json\/wp\/v2\/comments?post=632217"}],"version-history":[{"count":3,"href":"https:\/\/hillsong.com\/portugal\/ru\/wp-json\/wp\/v2\/posts\/632217\/revisions"}],"predecessor-version":[{"id":632221,"href":"https:\/\/hillsong.com\/portugal\/ru\/wp-json\/wp\/v2\/posts\/632217\/revisions\/632221"}],"wp:attachment":[{"href":"https:\/\/hillsong.com\/portugal\/ru\/wp-json\/wp\/v2\/media?parent=632217"}],"wp:term":[{"taxonomy":"category","embeddable":true,"href":"https:\/\/hillsong.com\/portugal\/ru\/wp-json\/wp\/v2\/categories?post=632217"},{"taxonomy":"post_tag","embeddable":true,"href":"https:\/\/hillsong.com\/portugal\/ru\/wp-json\/wp\/v2\/tags?post=632217"}],"curies":[{"name":"wp","href":"https:\/\/api.w.org\/{rel}","templated":true}]}}